{"id":98088,"date":"2007-01-15T00:01:48","date_gmt":"2007-01-14T23:01:48","guid":{"rendered":"http:\/\/www.editiondaslabor.de\/blog\/?p=98088"},"modified":"2022-02-17T19:38:43","modified_gmt":"2022-02-17T18:38:43","slug":"hoeherer-schwindel","status":"publish","type":"post","link":"http:\/\/www.editiondaslabor.de\/blog\/2007\/01\/15\/hoeherer-schwindel\/","title":{"rendered":"H\u00f6herer Schwindel"},"content":{"rendered":"<p>&nbsp;<\/p>\n<p>&nbsp;<\/p>\n<p style=\"text-align: justify;\">Dichtung ist und bleibt ein, wenn auch h\u00f6herer, Schwindel. Ich lege Wert darauf, das zum ersten Mal ausgesprochen zu haben. Menschen gestalten, hei\u00dft: sie f\u00e4lschen<\/p>\n<p>&nbsp;<\/p>\n<p>&nbsp;<\/p>\n<div id=\"attachment_98075\" style=\"width: 245px\" class=\"wp-caption alignleft\"><img loading=\"lazy\" decoding=\"async\" aria-describedby=\"caption-attachment-98075\" class=\"wp-image-98075 size-full\" src=\"http:\/\/www.editiondaslabor.de\/blog\/wp-content\/uploads\/2022\/01\/Walter_Serner.jpg\" alt=\"\" width=\"235\" height=\"350\" srcset=\"http:\/\/www.editiondaslabor.de\/blog\/wp-content\/uploads\/2022\/01\/Walter_Serner.jpg 235w, http:\/\/www.editiondaslabor.de\/blog\/wp-content\/uploads\/2022\/01\/Walter_Serner-201x300.jpg 201w, http:\/\/www.editiondaslabor.de\/blog\/wp-content\/uploads\/2022\/01\/Walter_Serner-160x238.jpg 160w\" sizes=\"auto, (max-width: 235px) 100vw, 235px\" \/><p id=\"caption-attachment-98075\" class=\"wp-caption-text\">Walter Serner (vor 1929)<\/p><\/div>\n<p><strong>Weiterf\u00fchrend \u2192<\/strong><\/p>\n<p>Bestand die Modernit\u00e4t des Aphorismus bisher in der Operativit\u00e4t, so entspricht diese literarische Form im Zeitalter der technischen Reproduzierbarkeit der Denkgenauigkeit der Sp\u00e4tmoderne. Es ist <em>Twitteratur<\/em>.<\/p>\n<p><strong>Weiterf\u00fchrend<\/strong>\u00a0\u2192 ein Essay \u00fcber <a href=\"http:\/\/www.editiondaslabor.de\/blog\/?p=22423\"><em>Twitteratur<\/em><\/a>.<\/p>\n<p><strong>Twitteratur<\/strong>, eine Anthologie. Erweiterte Taschenbuchausgabe mit der Dokumentation des Hungertuchpreises. Herausgegeben von Matthias Hagedorn, Edition Das Labor 2016.<\/p>\n","protected":false},"excerpt":{"rendered":"<p>&nbsp; &nbsp; Dichtung ist und bleibt ein, wenn auch h\u00f6herer, Schwindel. Ich lege Wert darauf, das zum ersten Mal ausgesprochen zu haben. Menschen gestalten, hei\u00dft: sie f\u00e4lschen &nbsp; &nbsp; Weiterf\u00fchrend \u2192 Bestand die Modernit\u00e4t des Aphorismus bisher in der Operativit\u00e4t,&hellip;<\/p>\n<p class=\"more-link-p\"><a class=\"more-link\" href=\"http:\/\/www.editiondaslabor.de\/blog\/2007\/01\/15\/hoeherer-schwindel\/\">Read more &rarr;<\/a><\/p>\n","protected":false},"author":2,"featured_media":98075,"comment_status":"closed","ping_status":"closed","sticky":false,"template":"","format":"standard","meta":{"footnotes":""},"categories":[1],"tags":[1087],"class_list":["post-98088","post","type-post","status-publish","format-standard","has-post-thumbnail","hentry","category-literatur","tag-walter-serner"],"_links":{"self":[{"href":"http:\/\/www.editiondaslabor.de\/blog\/wp-json\/wp\/v2\/posts\/98088","targetHints":{"allow":["GET"]}}],"collection":[{"href":"http:\/\/www.editiondaslabor.de\/blog\/wp-json\/wp\/v2\/posts"}],"about":[{"href":"http:\/\/www.editiondaslabor.de\/blog\/wp-json\/wp\/v2\/types\/post"}],"author":[{"embeddable":true,"href":"http:\/\/www.editiondaslabor.de\/blog\/wp-json\/wp\/v2\/users\/2"}],"replies":[{"embeddable":true,"href":"http:\/\/www.editiondaslabor.de\/blog\/wp-json\/wp\/v2\/comments?post=98088"}],"version-history":[{"count":1,"href":"http:\/\/www.editiondaslabor.de\/blog\/wp-json\/wp\/v2\/posts\/98088\/revisions"}],"predecessor-version":[{"id":98089,"href":"http:\/\/www.editiondaslabor.de\/blog\/wp-json\/wp\/v2\/posts\/98088\/revisions\/98089"}],"wp:featuredmedia":[{"embeddable":true,"href":"http:\/\/www.editiondaslabor.de\/blog\/wp-json\/wp\/v2\/media\/98075"}],"wp:attachment":[{"href":"http:\/\/www.editiondaslabor.de\/blog\/wp-json\/wp\/v2\/media?parent=98088"}],"wp:term":[{"taxonomy":"category","embeddable":true,"href":"http:\/\/www.editiondaslabor.de\/blog\/wp-json\/wp\/v2\/categories?post=98088"},{"taxonomy":"post_tag","embeddable":true,"href":"http:\/\/www.editiondaslabor.de\/blog\/wp-json\/wp\/v2\/tags?post=98088"}],"curies":[{"name":"wp","href":"https:\/\/api.w.org\/{rel}","templated":true}]}}