{"id":9795,"date":"2012-12-14T00:01:22","date_gmt":"2012-12-13T23:01:22","guid":{"rendered":"http:\/\/www.editiondaslabor.de\/blog\/?p=9795"},"modified":"2022-04-17T09:44:43","modified_gmt":"2022-04-17T07:44:43","slug":"weihnachtssingen-mit-eva-kurowski","status":"publish","type":"post","link":"http:\/\/www.editiondaslabor.de\/blog\/2012\/12\/14\/weihnachtssingen-mit-eva-kurowski\/","title":{"rendered":"Weihnachtssingen mit Eva Kurowski"},"content":{"rendered":"<div id=\"attachment_9907\" style=\"width: 250px\" class=\"wp-caption alignright\"><a href=\"http:\/\/www.editiondaslabor.de\/blog\/wp-content\/uploads\/2012\/12\/KURO.jpg\"><img loading=\"lazy\" decoding=\"async\" aria-describedby=\"caption-attachment-9907\" class=\" wp-image-9907 \" title=\"KURO\" src=\"http:\/\/www.editiondaslabor.de\/blog\/wp-content\/uploads\/2012\/12\/KURO-300x211.jpg\" alt=\"\" width=\"240\" height=\"169\" srcset=\"http:\/\/www.editiondaslabor.de\/blog\/wp-content\/uploads\/2012\/12\/KURO-300x211.jpg 300w, http:\/\/www.editiondaslabor.de\/blog\/wp-content\/uploads\/2012\/12\/KURO.jpg 640w\" sizes=\"auto, (max-width: 240px) 100vw, 240px\" \/><\/a><p id=\"caption-attachment-9907\" class=\"wp-caption-text\">Zeichnung: Kuro<\/p><\/div>\n<p style=\"text-align: justify;\">&#8222;Wo lernt ein Bischof so gut k\u00fcssen?&#8220; Passend zur Adventszeit bekommen die Lieder der <a href=\"http:\/\/www.editiondaslabor.de\/blog\/?p=1101\">Hungertuchpreistr\u00e4gerin<\/a> Eva Kurowski nochmal eine besondere Note. Realer Jazz, mit Emscher- und Ruhr-Aroma gew\u00fcrzt, \u00fcberraschend romantisch vorgetragen von einer doppel-bodenst\u00e4ndigen S\u00e4ngerin aus dem Strukturwandel, die nichts lieber macht, als B\u00fccher zu schreiben, komponieren und ihre Lieder zu singen.<\/p>\n<p>&nbsp;<\/p>\n<p style=\"text-align: justify;\">Eva Kurowski kommt wieder mit ihrer Band &#8222;Reich ohne Geld&#8220;: Der normale Existenzkampf ambitionierter Jazz-Musiker, werden das Publikum bei diesem Konzert wie immer verzaubern und faszinieren:<br \/>\nHartmut Kracht &#8211; Gitarre<br \/>\nNorbert Hotz &#8211; Kontrabass<br \/>\nMike Gosen &#8211; Schlagzeug<\/p>\n<p style=\"text-align: justify;\">Und nat\u00fcrlich liest die Kohlenpottdis\u00f6se auch aus <a href=\"http:\/\/www.editiondaslabor.de\/blog\/?p=1930\">Gott schmiert keine Stullen<\/a>.<\/p>\n<p>Heute ab 19:30 Uhr in Bad M\u00fclheim in der &#8222;Buchhandlung am Loehberg 4&#8220;<\/p>\n<p style=\"text-align: justify;\">\n<p style=\"text-align: justify;\"><strong><img loading=\"lazy\" decoding=\"async\" class=\"alignleft size-full wp-image-100796\" src=\"http:\/\/www.editiondaslabor.de\/blog\/wp-content\/uploads\/2023\/11\/Eva-Kurowski.jpg\" alt=\"\" width=\"300\" height=\"300\" srcset=\"http:\/\/www.editiondaslabor.de\/blog\/wp-content\/uploads\/2023\/11\/Eva-Kurowski.jpg 300w, http:\/\/www.editiondaslabor.de\/blog\/wp-content\/uploads\/2023\/11\/Eva-Kurowski-150x150.jpg 150w, http:\/\/www.editiondaslabor.de\/blog\/wp-content\/uploads\/2023\/11\/Eva-Kurowski-160x160.jpg 160w\" sizes=\"auto, (max-width: 300px) 100vw, 300px\" \/>Weiterf\u00fchrend\u00a0<\/strong><strong>\u2192\u00a0<\/strong>Meine erste Schallplatte: \u201eHeart of glass\u201c von Blondie, <a href=\"http:\/\/www.editiondaslabor.de\/blog\/2012\/07\/30\/6282\/\">vorgestellt<\/a> von Martina Haimerl. <span data-offset-key=\"eaie5-0-0\">Life circles at 33rpm!, <a href=\"http:\/\/www.editiondaslabor.de\/blog\/2012\/07\/16\/meine-erste-schallplatte-2\/\">postulierte<\/a> Mischa Kuball. <\/span><span data-offset-key=\"3f7gr-0-0\">Wer sich hinter \u201e<a href=\"http:\/\/www.editiondaslabor.de\/blog\/2012\/07\/09\/meine-erste-schallplatte-oder-mister-b\/\">Mister B<\/a>\u201c verbirgt, beschreibt Christine Kappe. Erg\u00e4nzen ein Artikel zum <a href=\"http:\/\/www.editiondaslabor.de\/blog\/1989\/05\/01\/kassettenuntergrund\/\">Kassettenuntergrund<\/a>. <\/span><span data-offset-key=\"ajv9h-0-0\">\u00bb<a href=\"http:\/\/www.editiondaslabor.de\/blog\/2012\/06\/18\/meine-erste-schallplatte-%e2%80%9edon-juan-von-dave-dee-dozy-beaky-mick-and-tich\/\">Don Juan<\/a>\u00ab von Dave Dee, Dozy, Beaky, Mick and Tich, vorgestellt von Joachim Feldmann. <\/span><a href=\"http:\/\/www.editiondaslabor.de\/blog\/2012\/06\/02\/5165\/\">Eine Reise ins Gl\u00fcck<\/a> von den Lilians, vorgestellt von <span class=\"vcard author\"><span class=\"fn\">Ju Sophie Kerschbaumer<\/span><\/span>. \u201eThis charming man\u201c von den Smiths <a href=\"http:\/\/www.editiondaslabor.de\/blog\/2012\/07\/01\/meine-erste-platte-this-charming-man-von-den-schmidts\/\">vorgestellt<\/a> von <span class=\"vcard author\"><span class=\"fn\">Haimo Hieronymus<\/span><\/span>. The Fall \u2013 Big New Prince <a href=\"http:\/\/www.editiondaslabor.de\/blog\/2014\/08\/25\/mein-klassiker-the-fall-big-new-prince\/\">vorgestellt<\/a> von <span class=\"vcard author\"><span class=\"fn\">Enno Stahl.\u00a0<\/span><\/span><a href=\"http:\/\/www.editiondaslabor.de\/blog\/2020\/04\/12\/dschaeaeaezz\/\">Dsch\u00e4\u00e4\u00e4zz<\/a>!!!, geh\u00f6rt von <span class=\"vcard author\"><span class=\"fn\">Eva Kurowski. Helge Schneider ist wahrscheinlich der bislang einzige Solo-K\u00fcnstler, der gleich mit seiner ersten Platte den Titel <a href=\"http:\/\/www.editiondaslabor.de\/blog\/1989\/04\/02\/die-singende-herrentorte\/\"><em>Seine gr\u00f6\u00dften Erfolge<\/em><\/a> gab. Begleitet wurde er bei den Aufnahmen durch Tonmeister Tom T\u00e4ger im <a href=\"http:\/\/www.editiondaslabor.de\/blog\/2012\/07\/20\/klangkloetzchen\/\">Tonstudio an der Ruhr<\/a>.<\/span><\/span> <a href=\"http:\/\/www.editiondaslabor.de\/blog\/2012\/12\/28\/meine-ersten-drei-platten\/\">Meine ersten drei Platten<\/a>, vorgestellt von\u00a0<span class=\"vcard author\"><span class=\"fn\">Marcus Baltzer. <\/span><\/span><a href=\"http:\/\/www.editiondaslabor.de\/blog\/2013\/04\/06\/meine-musik\/\">Meine Musik<\/a>, vorgestellt von <span class=\"vcard author\"><span class=\"fn\">Ulrich Bergmann. <\/span><\/span><span class=\"vcard author\"><span class=\"fn\">Mit etwas Versp\u00e4tung erschien <\/span><\/span>Pia Lunds zweites Solo-Album <em><a href=\"http:\/\/www.editiondaslabor.de\/blog\/2016\/10\/21\/ein-geschenk-von-pia-lund\/\">Gift<\/a>. <\/em><em>Smile<\/em> war f\u00fcr A.J. Weigoni ein <a href=\"http:\/\/www.editiondaslabor.de\/blog\/2012\/06\/12\/meine-erste-schallplatte\/\">Versprechen<\/a>. Eine Generation sp\u00e4ter wurde es eingel\u00f6st. Selbstverst\u00e4ndlich auf Vinyl. Und in Mono. Eine Wiederver\u00f6ffentlichung der <a href=\"http:\/\/www.editiondaslabor.de\/blog\/2008\/03\/21\/das-herz-des-motorik-beats\/\"><em>Neu!<\/em>-Studioalben<\/a> ist auf dem Label Gr\u00f6nland erschienen. in 1999 ging KUNO der Frage <a href=\"http:\/\/www.editiondaslabor.de\/blog\/1999\/01\/01\/label-oder-available\/\">Label oder available?<\/a> nach. Einen <a href=\"http:\/\/www.vordenker.de\/weigoni\/letternmusik.htm\">Remix<\/a> zu basteln ist in der Popmusik gang und gebe. Stephan Flommersfeld hat das Selbe mit der \u201cLetternmusik\u201d gemacht.<\/p>\n<p style=\"text-align: justify;\"><strong>\u2192\u00a0<\/strong>\u201e<em>Wenn es Videoclips gibt, muss auch die Literatur auf die ver\u00e4nderten <\/em><em>medialen Verh\u00e4ltnisse reagieren.\u201c, <\/em><a href=\"http:\/\/www.editiondaslabor.de\/blog\/1991\/01\/18\/literaturclips-2\/\">postulierte<\/a> A.J. Weigoni 1991 und erfand mit Frank Michaelis das H\u00f6rbuch. Erweiternd zum Medium der <em><span lang=\"en\">Compact Disc<\/span><\/em> auch der Essay <a href=\"http:\/\/www.editiondaslabor.de\/blog\/?p=33102\">Press\/Play<\/a>.<\/p>\n","protected":false},"excerpt":{"rendered":"<p>&#8222;Wo lernt ein Bischof so gut k\u00fcssen?&#8220; Passend zur Adventszeit bekommen die Lieder der Hungertuchpreistr\u00e4gerin Eva Kurowski nochmal eine besondere Note. Realer Jazz, mit Emscher- und Ruhr-Aroma gew\u00fcrzt, \u00fcberraschend romantisch vorgetragen von einer doppel-bodenst\u00e4ndigen S\u00e4ngerin aus dem Strukturwandel, die nichts&hellip;<\/p>\n<p class=\"more-link-p\"><a class=\"more-link\" href=\"http:\/\/www.editiondaslabor.de\/blog\/2012\/12\/14\/weihnachtssingen-mit-eva-kurowski\/\">Read more &rarr;<\/a><\/p>\n","protected":false},"author":257,"featured_media":100796,"comment_status":"open","ping_status":"open","sticky":false,"template":"","format":"standard","meta":{"footnotes":""},"categories":[1],"tags":[973],"class_list":["post-9795","post","type-post","status-publish","format-standard","has-post-thumbnail","hentry","category-literatur","tag-eva-kurowski"],"_links":{"self":[{"href":"http:\/\/www.editiondaslabor.de\/blog\/wp-json\/wp\/v2\/posts\/9795","targetHints":{"allow":["GET"]}}],"collection":[{"href":"http:\/\/www.editiondaslabor.de\/blog\/wp-json\/wp\/v2\/posts"}],"about":[{"href":"http:\/\/www.editiondaslabor.de\/blog\/wp-json\/wp\/v2\/types\/post"}],"author":[{"embeddable":true,"href":"http:\/\/www.editiondaslabor.de\/blog\/wp-json\/wp\/v2\/users\/257"}],"replies":[{"embeddable":true,"href":"http:\/\/www.editiondaslabor.de\/blog\/wp-json\/wp\/v2\/comments?post=9795"}],"version-history":[{"count":2,"href":"http:\/\/www.editiondaslabor.de\/blog\/wp-json\/wp\/v2\/posts\/9795\/revisions"}],"predecessor-version":[{"id":102721,"href":"http:\/\/www.editiondaslabor.de\/blog\/wp-json\/wp\/v2\/posts\/9795\/revisions\/102721"}],"wp:featuredmedia":[{"embeddable":true,"href":"http:\/\/www.editiondaslabor.de\/blog\/wp-json\/wp\/v2\/media\/100796"}],"wp:attachment":[{"href":"http:\/\/www.editiondaslabor.de\/blog\/wp-json\/wp\/v2\/media?parent=9795"}],"wp:term":[{"taxonomy":"category","embeddable":true,"href":"http:\/\/www.editiondaslabor.de\/blog\/wp-json\/wp\/v2\/categories?post=9795"},{"taxonomy":"post_tag","embeddable":true,"href":"http:\/\/www.editiondaslabor.de\/blog\/wp-json\/wp\/v2\/tags?post=9795"}],"curies":[{"name":"wp","href":"https:\/\/api.w.org\/{rel}","templated":true}]}}