{"id":97216,"date":"1995-07-06T00:01:23","date_gmt":"1995-07-05T22:01:23","guid":{"rendered":"http:\/\/www.editiondaslabor.de\/blog\/?p=97216"},"modified":"2021-12-29T07:12:02","modified_gmt":"2021-12-29T06:12:02","slug":"die-walliser-gedichte","status":"publish","type":"post","link":"http:\/\/www.editiondaslabor.de\/blog\/1995\/07\/06\/die-walliser-gedichte\/","title":{"rendered":"DIE WALLISER GEDICHTE"},"content":{"rendered":"<p>&nbsp;<\/p>\n<p>Nach einem windigen Tag,<\/p>\n<p>in unendlichem Frieden,<\/p>\n<p>vers\u00f6hnt sich der Abend,<\/p>\n<p>folgsam wie mancher Geliebte.<\/p>\n<p>&nbsp;<\/p>\n<p>Alles wird Ruhe und Klarheit &#8230;<\/p>\n<p>Aber am Horizont<\/p>\n<p>bildet sich golden durchsonnt<\/p>\n<p>ein sch\u00f6nes Relief aus Wolken.<\/p>\n<p>&nbsp;<\/p>\n<p>&nbsp;<\/p>\n<p>&nbsp;<\/p>\n<p>&nbsp;<\/p>\n<p style=\"text-align: justify;\"><strong><a href=\"http:\/\/www.editiondaslabor.de\/blog\/wp-content\/uploads\/2025\/11\/Rainer_Maria_Rilke_1900.jpg\"><img loading=\"lazy\" decoding=\"async\" class=\"size-medium wp-image-82513 alignright\" src=\"http:\/\/www.editiondaslabor.de\/blog\/wp-content\/uploads\/2025\/11\/Rainer_Maria_Rilke_1900-188x300.jpg\" alt=\"\" width=\"188\" height=\"300\" srcset=\"http:\/\/www.editiondaslabor.de\/blog\/wp-content\/uploads\/2025\/11\/Rainer_Maria_Rilke_1900-188x300.jpg 188w, http:\/\/www.editiondaslabor.de\/blog\/wp-content\/uploads\/2025\/11\/Rainer_Maria_Rilke_1900-260x416.jpg 260w, http:\/\/www.editiondaslabor.de\/blog\/wp-content\/uploads\/2025\/11\/Rainer_Maria_Rilke_1900-160x256.jpg 160w, http:\/\/www.editiondaslabor.de\/blog\/wp-content\/uploads\/2025\/11\/Rainer_Maria_Rilke_1900.jpg 300w\" sizes=\"auto, (max-width: 188px) 100vw, 188px\" \/><\/a><\/strong>Mit seiner in den <i>Neuen Gedichten<\/i> vollendeten, von der bildenden Kunst beeinflussten Dinglyrik gilt Rainer Maria Rilke als einer der bedeutendsten Dichter der literarischen Moderne.<\/p>\n<p style=\"text-align: justify;\"><strong>Weiterf\u00fchrend \u2192<\/strong> Lesen Sie auch den Essay von Rainer Maria Rilke auf KUNO \u00fcber <em><a href=\"http:\/\/www.editiondaslabor.de\/blog\/?p=28345\">Moderne Lyrik<\/a>.<\/em><\/p>\n<p style=\"text-align: justify;\"><strong>\u2192<\/strong>\u00a0Poesie z\u00e4hlt f\u00fcr KUNO weiterhin zu den identit\u00e4ts- und identifikationstiftenden Elementen einer Kultur, dies bezeugte auch der Versuch einer <a href=\"http:\/\/www.editiondaslabor.de\/blog\/?p=25630\">poetologischen Positionsbestimmung<\/a>.<\/p>\n","protected":false},"excerpt":{"rendered":"<p>&nbsp; Nach einem windigen Tag, in unendlichem Frieden, vers\u00f6hnt sich der Abend, folgsam wie mancher Geliebte. &nbsp; Alles wird Ruhe und Klarheit &#8230; Aber am Horizont bildet sich golden durchsonnt ein sch\u00f6nes Relief aus Wolken. &nbsp; &nbsp; &nbsp; &nbsp; Mit&hellip;<\/p>\n<p class=\"more-link-p\"><a class=\"more-link\" href=\"http:\/\/www.editiondaslabor.de\/blog\/1995\/07\/06\/die-walliser-gedichte\/\">Read more &rarr;<\/a><\/p>\n","protected":false},"author":143,"featured_media":82513,"comment_status":"closed","ping_status":"closed","sticky":false,"template":"","format":"standard","meta":{"footnotes":""},"categories":[1],"tags":[267],"class_list":["post-97216","post","type-post","status-publish","format-standard","has-post-thumbnail","hentry","category-literatur","tag-rainer-maria-rilke"],"_links":{"self":[{"href":"http:\/\/www.editiondaslabor.de\/blog\/wp-json\/wp\/v2\/posts\/97216","targetHints":{"allow":["GET"]}}],"collection":[{"href":"http:\/\/www.editiondaslabor.de\/blog\/wp-json\/wp\/v2\/posts"}],"about":[{"href":"http:\/\/www.editiondaslabor.de\/blog\/wp-json\/wp\/v2\/types\/post"}],"author":[{"embeddable":true,"href":"http:\/\/www.editiondaslabor.de\/blog\/wp-json\/wp\/v2\/users\/143"}],"replies":[{"embeddable":true,"href":"http:\/\/www.editiondaslabor.de\/blog\/wp-json\/wp\/v2\/comments?post=97216"}],"version-history":[{"count":0,"href":"http:\/\/www.editiondaslabor.de\/blog\/wp-json\/wp\/v2\/posts\/97216\/revisions"}],"wp:featuredmedia":[{"embeddable":true,"href":"http:\/\/www.editiondaslabor.de\/blog\/wp-json\/"}],"wp:attachment":[{"href":"http:\/\/www.editiondaslabor.de\/blog\/wp-json\/wp\/v2\/media?parent=97216"}],"wp:term":[{"taxonomy":"category","embeddable":true,"href":"http:\/\/www.editiondaslabor.de\/blog\/wp-json\/wp\/v2\/categories?post=97216"},{"taxonomy":"post_tag","embeddable":true,"href":"http:\/\/www.editiondaslabor.de\/blog\/wp-json\/wp\/v2\/tags?post=97216"}],"curies":[{"name":"wp","href":"https:\/\/api.w.org\/{rel}","templated":true}]}}