{"id":96935,"date":"2024-05-14T00:01:34","date_gmt":"2024-05-13T22:01:34","guid":{"rendered":"http:\/\/www.editiondaslabor.de\/blog\/?p=96935"},"modified":"2022-02-23T08:49:48","modified_gmt":"2022-02-23T07:49:48","slug":"selbst-taeuschung","status":"publish","type":"post","link":"http:\/\/www.editiondaslabor.de\/blog\/2024\/05\/14\/selbst-taeuschung\/","title":{"rendered":"Selbst. T\u00e4uschung."},"content":{"rendered":"<p>&nbsp;<\/p>\n<p>Der Winterwind schenkt heute eine Tr\u00e4ne:<\/p>\n<p>Sie stiehlt sich leis ins linke Auge, rollt,<\/p>\n<p>Als eine alte Eiche \u00e4chzt und grollt.<\/p>\n<p>Doch er zeigt ihr die gro\u00dfen kalten Z\u00e4hne<\/p>\n<p>&nbsp;<\/p>\n<p>Und wischt die letzten Bl\u00e4tter fort. Sie schmollt,<\/p>\n<p>Greift Grau vom Himmel, als ich an sie lehne.<\/p>\n<p>Die W\u00e4rme geht jetzt lang in Quarant\u00e4ne:<\/p>\n<p>Der Macht aus Nord wird so Tribut gezollt.<\/p>\n<p>&nbsp;<\/p>\n<p>Die Maske trag ich, die des Hoffnungsvollen:<\/p>\n<p>Sie sch\u00fctzt vor \u00c4ngsten den, hei\u00dfts, der sie tr\u00e4gt.<\/p>\n<p>Das glauben die, die\u2018s gerne glauben wollen,<\/p>\n<p>&nbsp;<\/p>\n<p>Wenn ihnen einer schon den Ast abs\u00e4gt:<\/p>\n<p>Ich h\u00e4tte meiner Tr\u00e4ne trauen sollen,<\/p>\n<p>Doch meine Chuzpe war zu ausgepr\u00e4gt.<\/p>\n<p>&nbsp;<\/p>\n<p>&nbsp;<\/p>\n<p>&nbsp;<\/p>\n<p style=\"text-align: center;\">\u00a0***<\/p>\n<p><strong>Weiterf\u00fchrend \u2192<\/strong><\/p>\n<div style=\"width: 186px\" class=\"wp-caption alignleft\"><a id=\"set-post-thumbnail\" class=\"thickbox\" href=\"http:\/\/www.editiondaslabor.de\/blog\/wp-admin\/media-upload.php?post_id=42053&amp;type=image&amp;TB_iframe=1\" aria-describedby=\"set-post-thumbnail-desc\"><img loading=\"lazy\" decoding=\"async\" class=\"attachment-266x266\" src=\"http:\/\/www.editiondaslabor.de\/blog\/wp-content\/uploads\/2018\/03\/Walther-Stonet.jpeg\" alt=\"\" width=\"176\" height=\"117\" \/><\/a><p class=\"wp-caption-text\">Portr\u00e4t Walter Stonet von Thomas Kiel.<\/p><\/div>\n<p>Die Redaktion verlieh Walther Stonet den KUNO-Essaypreis 2017 f\u00fcr den Essay <a href=\"http:\/\/www.editiondaslabor.de\/blog\/?p=41120\">Robokratie \u2013 Wie Social Bots die Demokratie manipulieren<\/a>. \u00a0Lesen Sie <a href=\"http:\/\/www.editiondaslabor.de\/blog\/?p=41499\">hier<\/a> die Begr\u00fcndung.<\/p>\n<p>Poesie ist das identit\u00e4tsstiftende Element der Kultur, KUNOs <a href=\"http:\/\/www.editiondaslabor.de\/blog\/?p=25630\">poetologische Positionsbestimmung<\/a>.<\/p>\n<p>&nbsp;<\/p>\n","protected":false},"excerpt":{"rendered":"<p>&nbsp; Der Winterwind schenkt heute eine Tr\u00e4ne: Sie stiehlt sich leis ins linke Auge, rollt, Als eine alte Eiche \u00e4chzt und grollt. Doch er zeigt ihr die gro\u00dfen kalten Z\u00e4hne &nbsp; Und wischt die letzten Bl\u00e4tter fort. Sie schmollt, Greift&hellip;<\/p>\n<p class=\"more-link-p\"><a class=\"more-link\" href=\"http:\/\/www.editiondaslabor.de\/blog\/2024\/05\/14\/selbst-taeuschung\/\">Read more &rarr;<\/a><\/p>\n","protected":false},"author":164,"featured_media":99533,"comment_status":"closed","ping_status":"closed","sticky":false,"template":"","format":"standard","meta":{"footnotes":""},"categories":[1],"tags":[1972],"class_list":["post-96935","post","type-post","status-publish","format-standard","has-post-thumbnail","hentry","category-literatur","tag-walther-stonet"],"_links":{"self":[{"href":"http:\/\/www.editiondaslabor.de\/blog\/wp-json\/wp\/v2\/posts\/96935","targetHints":{"allow":["GET"]}}],"collection":[{"href":"http:\/\/www.editiondaslabor.de\/blog\/wp-json\/wp\/v2\/posts"}],"about":[{"href":"http:\/\/www.editiondaslabor.de\/blog\/wp-json\/wp\/v2\/types\/post"}],"author":[{"embeddable":true,"href":"http:\/\/www.editiondaslabor.de\/blog\/wp-json\/wp\/v2\/users\/164"}],"replies":[{"embeddable":true,"href":"http:\/\/www.editiondaslabor.de\/blog\/wp-json\/wp\/v2\/comments?post=96935"}],"version-history":[{"count":1,"href":"http:\/\/www.editiondaslabor.de\/blog\/wp-json\/wp\/v2\/posts\/96935\/revisions"}],"predecessor-version":[{"id":99744,"href":"http:\/\/www.editiondaslabor.de\/blog\/wp-json\/wp\/v2\/posts\/96935\/revisions\/99744"}],"wp:featuredmedia":[{"embeddable":true,"href":"http:\/\/www.editiondaslabor.de\/blog\/wp-json\/wp\/v2\/media\/99533"}],"wp:attachment":[{"href":"http:\/\/www.editiondaslabor.de\/blog\/wp-json\/wp\/v2\/media?parent=96935"}],"wp:term":[{"taxonomy":"category","embeddable":true,"href":"http:\/\/www.editiondaslabor.de\/blog\/wp-json\/wp\/v2\/categories?post=96935"},{"taxonomy":"post_tag","embeddable":true,"href":"http:\/\/www.editiondaslabor.de\/blog\/wp-json\/wp\/v2\/tags?post=96935"}],"curies":[{"name":"wp","href":"https:\/\/api.w.org\/{rel}","templated":true}]}}