{"id":96420,"date":"2007-12-07T00:01:18","date_gmt":"2007-12-06T23:01:18","guid":{"rendered":"http:\/\/www.editiondaslabor.de\/blog\/?p=96420"},"modified":"2021-12-22T06:37:38","modified_gmt":"2021-12-22T05:37:38","slug":"poesiealbum-2","status":"publish","type":"post","link":"http:\/\/www.editiondaslabor.de\/blog\/2007\/12\/07\/poesiealbum-2\/","title":{"rendered":"Poesiealbum"},"content":{"rendered":"<p style=\"text-align: justify;\">\n<p style=\"text-align: justify;\">40 Jahre nach Erscheinen des ersten Heftes der Reihe \u201ePoesiealbum\u201c tritt die traditionelle Lyrikreihe, die bis 1990 im Verlag Neues Leben Berlin erschienen und von Bernd Jentzsch 1967 begr\u00fcndet worden ist, in diesen Tagen gleich zweifach auf den Plan.<\/p>\n<p style=\"text-align: justify;\">Zum einen offerierte die Gesellschaft f\u00fcr zeitgen\u00f6ssische Lyrik e.V. (GZL) unl\u00e4ngst das Heft 1\/2007 und nunmehr aus Anlass ihres 15-j\u00e4hrigen Bestehens das Heft 2\/2007 ihrer Mitgliederanthologie. Und zum anderen verk\u00fcndete Bernd Jentzsch im Beisein seines Verlegers Klaus-P. Anders bei der Feier der Lyrikgesellschaft in Leipzig seine Absicht, im M\u00e4rkischen Verlag Wilhelmshorst die Reihe mit vier Heften pro Jahr fortsetzen zu wollen. Das erste Heft liegt bereits vor und widmet sich dem lyrischen Werk Peter Huchels (Nr. 277); die Nummer 278 wird Ernst Jandl pr\u00e4sentieren.<\/p>\n<p style=\"text-align: justify;\">Beide Vorhaben unterscheiden und erg\u00e4nzen sich gleicherma\u00dfen. Die in Leipzig ans\u00e4ssige internationale Lyrikgesellschaft stellt ihre Edition bewusst in den Dienst neuer Texte aus den Reihen des rund 230 Mitglieder z\u00e4hlenden Autorenvereins. Beabsichtigt ist dar\u00fcber hinaus, ab 2008 zus\u00e4tzlich zu den beiden Halbjahresanthologien zwei Themenhefte als Sonderausgaben vorzulegen. Die von Bernd Jentzsch, Ehrenmitglied der GZL, betreute Fortsetzung der Reihe gilt dem Einzelheft und zun\u00e4chst vornehmlich den Werken jener Autorinnen und Autoren, die als \u201ePoesiealbum\u201c herauszugeben Bernd Jentzsch w\u00e4hrend seiner Arbeit als Lektor nicht zu realisieren vermochte.<\/p>\n<p style=\"text-align: justify;\">Zur Leipziger Buchmesse 2008 werden beide Initiativen gemeinsam f\u00fcr die Reihe \u201ePoesiealbum\u201c werben, um den Zuspruch, dessen sich das Gedicht in heutiger Zeit immer mehr zu vergewissern vermag, zu b\u00fcndeln.<\/p>\n<p style=\"text-align: justify;\">Sowohl die Edition kunst &amp; dichtung der Lyrikgesellschaft als auch der M\u00e4rkische Verlag bieten das \u201ePoesiealbum\u201c als Einzelheft oder im Abonnement an. Gern verweist dabei der eine auf den anderen.<\/p>\n<p style=\"text-align: justify;\">\n<p>&nbsp;<\/p>\n<p style=\"text-align: justify;\">\n<p style=\"text-align: justify;\"><strong><img loading=\"lazy\" decoding=\"async\" class=\"alignleft wp-image-44595 size-medium\" src=\"http:\/\/www.editiondaslabor.de\/blog\/wp-content\/uploads\/2017\/09\/der-lyrik-eine-bresche-fuer-ein-gedicht-je-ausgabe-einer-zeitung_1505748323-1-300x200.jpg\" alt=\"\" width=\"300\" height=\"200\" srcset=\"http:\/\/www.editiondaslabor.de\/blog\/wp-content\/uploads\/2017\/09\/der-lyrik-eine-bresche-fuer-ein-gedicht-je-ausgabe-einer-zeitung_1505748323-1-300x200.jpg 300w, http:\/\/www.editiondaslabor.de\/blog\/wp-content\/uploads\/2017\/09\/der-lyrik-eine-bresche-fuer-ein-gedicht-je-ausgabe-einer-zeitung_1505748323-1.jpg 450w\" sizes=\"auto, (max-width: 300px) 100vw, 300px\" \/>Weiterf\u00fchrend \u2192<\/strong>\u00a0Poesie z\u00e4hlt f\u00fcr KUNO weiterhin zu den identit\u00e4ts- und identifikationstiftenden Elementen einer Kultur, dies bezeugte auch der Versuch einer <a href=\"http:\/\/www.editiondaslabor.de\/blog\/?p=25630\">poetologischen Positionsbestimmung<\/a>.<\/p>\n","protected":false},"excerpt":{"rendered":"<p>40 Jahre nach Erscheinen des ersten Heftes der Reihe \u201ePoesiealbum\u201c tritt die traditionelle Lyrikreihe, die bis 1990 im Verlag Neues Leben Berlin erschienen und von Bernd Jentzsch 1967 begr\u00fcndet worden ist, in diesen Tagen gleich zweifach auf den Plan. Zum&hellip;<\/p>\n<p class=\"more-link-p\"><a class=\"more-link\" href=\"http:\/\/www.editiondaslabor.de\/blog\/2007\/12\/07\/poesiealbum-2\/\">Read more &rarr;<\/a><\/p>\n","protected":false},"author":2,"featured_media":44595,"comment_status":"closed","ping_status":"closed","sticky":false,"template":"","format":"standard","meta":{"footnotes":""},"categories":[1],"tags":[3254],"class_list":["post-96420","post","type-post","status-publish","format-standard","has-post-thumbnail","hentry","category-literatur","tag-bernd-jentzsch"],"_links":{"self":[{"href":"http:\/\/www.editiondaslabor.de\/blog\/wp-json\/wp\/v2\/posts\/96420","targetHints":{"allow":["GET"]}}],"collection":[{"href":"http:\/\/www.editiondaslabor.de\/blog\/wp-json\/wp\/v2\/posts"}],"about":[{"href":"http:\/\/www.editiondaslabor.de\/blog\/wp-json\/wp\/v2\/types\/post"}],"author":[{"embeddable":true,"href":"http:\/\/www.editiondaslabor.de\/blog\/wp-json\/wp\/v2\/users\/2"}],"replies":[{"embeddable":true,"href":"http:\/\/www.editiondaslabor.de\/blog\/wp-json\/wp\/v2\/comments?post=96420"}],"version-history":[{"count":0,"href":"http:\/\/www.editiondaslabor.de\/blog\/wp-json\/wp\/v2\/posts\/96420\/revisions"}],"wp:featuredmedia":[{"embeddable":true,"href":"http:\/\/www.editiondaslabor.de\/blog\/wp-json\/"}],"wp:attachment":[{"href":"http:\/\/www.editiondaslabor.de\/blog\/wp-json\/wp\/v2\/media?parent=96420"}],"wp:term":[{"taxonomy":"category","embeddable":true,"href":"http:\/\/www.editiondaslabor.de\/blog\/wp-json\/wp\/v2\/categories?post=96420"},{"taxonomy":"post_tag","embeddable":true,"href":"http:\/\/www.editiondaslabor.de\/blog\/wp-json\/wp\/v2\/tags?post=96420"}],"curies":[{"name":"wp","href":"https:\/\/api.w.org\/{rel}","templated":true}]}}