{"id":96217,"date":"2006-02-12T00:01:36","date_gmt":"2006-02-11T23:01:36","guid":{"rendered":"http:\/\/www.editiondaslabor.de\/blog\/?p=96217"},"modified":"2021-12-15T06:16:05","modified_gmt":"2021-12-15T05:16:05","slug":"gedicht","status":"publish","type":"post","link":"http:\/\/www.editiondaslabor.de\/blog\/2006\/02\/12\/gedicht\/","title":{"rendered":"Gedicht"},"content":{"rendered":"<p>&nbsp;<\/p>\n<p>&nbsp;<\/p>\n<p>Ich lebte im ersten Jahrhundert der Weltkriege.<\/p>\n<p>Morgens war ich meistens mehr oder weniger verst\u00f6rt.<\/p>\n<p>Die Zeitungen kamen mit ihren unbek\u00fcmmerten Geschichten,<\/p>\n<p>Die Nachrichten ergossen sich aus allerhand Ger\u00e4ten,<\/p>\n<p>Unterbrochen vom Bem\u00fchn, Waren an Unsichtbare zu verkaufen.<\/p>\n<p>Ich rief meine Freunde mittels anderer Apparate an;<\/p>\n<p>Aus \u00e4hnlichen Gr\u00fcnden waren sie mehr oder weniger verr\u00fcckt.<\/p>\n<p>Langsam griff ich mir Papier und Bleistift,<\/p>\n<p>Schrieb Gedichte f\u00fcr andere Unsichtbare und Ungeborene.<\/p>\n<p>Am Tage erinnerte ich mich jener tapferen M\u00e4nner und Frauen,<\/p>\n<p>Die Signale \u00fcber weite Strecken \u00fcbermittelten,<\/p>\n<p>Dachte an ein namenloses Leben mit beinah ungeahnten Werten.<\/p>\n<p>Wenn die Lichter erloschen, Nachtlichter heller leuchteten,<\/p>\n<p>Versuchten wir, sie uns vorzustellen, versuchten, uns zu finden,<\/p>\n<p>Frieden zu konstruieren, uns zu lieben, Wachen und Schlafen<\/p>\n<p>Miteinander auszus\u00f6hnen, uns selbst mit den anderen,<\/p>\n<p>Uns mit uns selbst. Mit allen Mitteln versuchten wir,<\/p>\n<p>Unsere Grenzen zu erreichen, hinter die Grenzen zu gelangen,<\/p>\n<p>Die Mittel und Wege loszulassen, zu erwachen.<\/p>\n<p>&nbsp;<\/p>\n<p>Ich lebte im ersten Jahrhundert solcher Kriege.<\/p>\n<p>&nbsp;<\/p>\n<p>&nbsp;<\/p>\n<p>&nbsp;<\/p>\n<p style=\"text-align: center;\">***<\/p>\n<p style=\"text-align: justify;\">Eine Leseprobe aus dem empfehlenswerten Band: <strong>Sehen hei\u00dft \u00e4ndern<\/strong>. Drei\u00dfig amerikanische Dichterinnen des 20. Jahrhunderts. Eine zweisprachige Anthologie. Hrsg., \u00fcbertragen und mit einem Nachwort versehen von J\u00fcrgen Br\u00f4can. M\u00fcnchen: Lyrik Kabinett, 2006<\/p>\n<p style=\"text-align: justify;\"><strong><img loading=\"lazy\" decoding=\"async\" class=\"alignleft wp-image-96219 size-medium\" src=\"http:\/\/www.editiondaslabor.de\/blog\/wp-content\/uploads\/2021\/12\/Sehen_Cover-198x300.jpg\" alt=\"\" width=\"198\" height=\"300\" \/>Weiterf\u00fchrend \u2192<\/strong>\u00a0Poesie z\u00e4hlt f\u00fcr KUNO weiterhin zu den identit\u00e4ts- und identifikationstiftenden Elementen einer Kultur, dies bezeugte auch der Versuch einer <a href=\"http:\/\/www.editiondaslabor.de\/blog\/?p=25630\">poetologischen Positionsbestimmung<\/a>.<\/p>\n","protected":false},"excerpt":{"rendered":"<p>&nbsp; &nbsp; Ich lebte im ersten Jahrhundert der Weltkriege. Morgens war ich meistens mehr oder weniger verst\u00f6rt. Die Zeitungen kamen mit ihren unbek\u00fcmmerten Geschichten, Die Nachrichten ergossen sich aus allerhand Ger\u00e4ten, Unterbrochen vom Bem\u00fchn, Waren an Unsichtbare zu verkaufen. Ich&hellip;<\/p>\n<p class=\"more-link-p\"><a class=\"more-link\" href=\"http:\/\/www.editiondaslabor.de\/blog\/2006\/02\/12\/gedicht\/\">Read more &rarr;<\/a><\/p>\n","protected":false},"author":2,"featured_media":96219,"comment_status":"closed","ping_status":"closed","sticky":false,"template":"","format":"standard","meta":{"footnotes":""},"categories":[1],"tags":[3236],"class_list":["post-96217","post","type-post","status-publish","format-standard","has-post-thumbnail","hentry","category-literatur","tag-muriel-rukeyser"],"_links":{"self":[{"href":"http:\/\/www.editiondaslabor.de\/blog\/wp-json\/wp\/v2\/posts\/96217","targetHints":{"allow":["GET"]}}],"collection":[{"href":"http:\/\/www.editiondaslabor.de\/blog\/wp-json\/wp\/v2\/posts"}],"about":[{"href":"http:\/\/www.editiondaslabor.de\/blog\/wp-json\/wp\/v2\/types\/post"}],"author":[{"embeddable":true,"href":"http:\/\/www.editiondaslabor.de\/blog\/wp-json\/wp\/v2\/users\/2"}],"replies":[{"embeddable":true,"href":"http:\/\/www.editiondaslabor.de\/blog\/wp-json\/wp\/v2\/comments?post=96217"}],"version-history":[{"count":0,"href":"http:\/\/www.editiondaslabor.de\/blog\/wp-json\/wp\/v2\/posts\/96217\/revisions"}],"wp:featuredmedia":[{"embeddable":true,"href":"http:\/\/www.editiondaslabor.de\/blog\/wp-json\/"}],"wp:attachment":[{"href":"http:\/\/www.editiondaslabor.de\/blog\/wp-json\/wp\/v2\/media?parent=96217"}],"wp:term":[{"taxonomy":"category","embeddable":true,"href":"http:\/\/www.editiondaslabor.de\/blog\/wp-json\/wp\/v2\/categories?post=96217"},{"taxonomy":"post_tag","embeddable":true,"href":"http:\/\/www.editiondaslabor.de\/blog\/wp-json\/wp\/v2\/tags?post=96217"}],"curies":[{"name":"wp","href":"https:\/\/api.w.org\/{rel}","templated":true}]}}