{"id":95953,"date":"2015-01-04T00:01:25","date_gmt":"2015-01-03T23:01:25","guid":{"rendered":"http:\/\/www.editiondaslabor.de\/blog\/?p=95953"},"modified":"2022-02-17T15:49:33","modified_gmt":"2022-02-17T14:49:33","slug":"je-spaeter-der-abend","status":"publish","type":"post","link":"http:\/\/www.editiondaslabor.de\/blog\/2015\/01\/04\/je-spaeter-der-abend\/","title":{"rendered":"JE SP\u00c4TER DER ABEND"},"content":{"rendered":"<p style=\"text-align: right;\"><span style=\"color: #999999;\">(In Memoriam Townes Van Zandt)<\/span><\/p>\n<p>Von manchen Leuten h\u00f6rst du erst,<\/p>\n<p>Wenn sie gestorben sind,<\/p>\n<p>Und vielleicht ist das auch besser so,<\/p>\n<p>Deine Liebe bleibt rein und traurig,<\/p>\n<p>Du kannst dein Herz nicht mehr verlieren,<\/p>\n<p>Falls du gelernt hast zu lauschen,<\/p>\n<p>Was erwartest du also von Townes?<\/p>\n<p>Einsame Wanderungen in den<\/p>\n<p>Rissen &amp; Br\u00fcchen im Schneeschauer,<\/p>\n<p>Wei\u00dfe Indianerpfade des Gem\u00fcts,<\/p>\n<p>die das abgesteckte Terrain<\/p>\n<p>der \u00dcberlandleitungen verlassen,<\/p>\n<p>Einblicke, tiefer Schmerz, namenloses<\/p>\n<p>Ungl\u00fcck, und dann der Blitz,<\/p>\n<p>In dem die Bazillen verbrennen,<\/p>\n<p>W\u00e4hrend Hoffnung zu keimen beginnt,<\/p>\n<p>Der Weg des Regentropfens \u00fcber<\/p>\n<p>Die staubige Fensterscheibe,<\/p>\n<p>Durch die ein Sonnenbild aus Gestern huscht,<\/p>\n<p>Zwei Marienk\u00e4fer auf dem<\/p>\n<p>Ginsterstrauch vorm Haus,<\/p>\n<p>Und dann m\u00f6chte ich weinen.<\/p>\n<p><em>\u00a0<\/em><\/p>\n<p>&nbsp;<\/p>\n<p style=\"text-align: center;\">***<\/p>\n<p style=\"text-align: justify;\">Dies ist das letzte Gedicht aus seinem letzten Buch: <strong>Monolith.<\/strong> Pop-Gedichte.\u00a0In der Bibliothek Weltweiter Leuchtfeuer, Band 15\u00a0 Edition Schwarzdruck, Berlin 2010<\/p>\n<div id=\"attachment_65815\" style=\"width: 288px\" class=\"wp-caption alignleft\"><a href=\"http:\/\/www.editiondaslabor.de\/blog\/wp-content\/uploads\/2020\/06\/Hadayatullah.jpg\"><img loading=\"lazy\" decoding=\"async\" aria-describedby=\"caption-attachment-65815\" class=\"wp-image-65815 size-medium\" src=\"http:\/\/www.editiondaslabor.de\/blog\/wp-content\/uploads\/2020\/06\/Hadayatullah-278x300.jpg\" alt=\"\" width=\"278\" height=\"300\" srcset=\"http:\/\/www.editiondaslabor.de\/blog\/wp-content\/uploads\/2020\/06\/Hadayatullah-278x300.jpg 278w, http:\/\/www.editiondaslabor.de\/blog\/wp-content\/uploads\/2020\/06\/Hadayatullah-949x1024.jpg 949w, http:\/\/www.editiondaslabor.de\/blog\/wp-content\/uploads\/2020\/06\/Hadayatullah-768x829.jpg 768w, http:\/\/www.editiondaslabor.de\/blog\/wp-content\/uploads\/2020\/06\/Hadayatullah-560x604.jpg 560w, http:\/\/www.editiondaslabor.de\/blog\/wp-content\/uploads\/2020\/06\/Hadayatullah-260x281.jpg 260w, http:\/\/www.editiondaslabor.de\/blog\/wp-content\/uploads\/2020\/06\/Hadayatullah-160x173.jpg 160w, http:\/\/www.editiondaslabor.de\/blog\/wp-content\/uploads\/2020\/06\/Hadayatullah.jpg 1112w\" sizes=\"auto, (max-width: 278px) 100vw, 278px\" \/><\/a><p id=\"caption-attachment-65815\" class=\"wp-caption-text\">Der Urvater des Social-Beat. Hadayatullah H\u00fcbsch. Photo: Masroor-ahmad<\/p><\/div>\n<p style=\"text-align: justify;\">H\u00fcbschs literarische Laufbahn begann mit einer Ver\u00f6ffentlichung in der von Peter R\u00fchmkorf herausgegebenen, viel beachteten Sammlung <i>Primanerlyrik \u2013 Primanerprosa<\/i>.<sup id=\"cite_ref-18\" class=\"reference\"><\/sup> 1969 ver\u00f6ffentlichte H\u00fcbsch seinen ersten Gedichtband <i>Mach was du willst<\/i> bei Luchterhand. Der ebenfalls bei Luchterhand ver\u00f6ffentlichte sp\u00e4tere Literaturnobelpreistr\u00e4ger G\u00fcnter Grass prophezeite H\u00fcbsch daraufhin eine gro\u00dfe Karriere als Lyriker;<sup id=\"cite_ref-19\" class=\"reference\"><\/sup> H\u00fcbsch bevorzugte es jedoch, Undergroundpoet jenseits der \u201eHauptstra\u00dfen\u201c zu bleiben.<sup id=\"cite_ref-20\" class=\"reference\"><\/sup><\/p>\n<p style=\"text-align: justify;\">H\u00fcbschs Lyrik war inspiriert von experimenteller Literatur, dem Dadaismus und expressionistischer Lyrik. Sp\u00e4ter haben ihn die Beatliteraten gepr\u00e4gt, vor allem Allen Ginsberg, William S. Burroughs und Jack Kerouac. Nach seiner Konversion zum Islam war seine Lyrik zus\u00e4tzlich von der mystischen Poesie Persiens, von Hafis, Rumi und Sadi beeinflusst.<\/p>\n<p style=\"text-align: justify;\">H\u00fcbsch war ein \u201eSpoken-Word-Dichter\u201c, der die literarische Str\u00f6mung des deutschen Poetry Slam mitbegr\u00fcndete und Namensvater des ersten Social-Beat Festivals in Berlin war.<sup id=\"cite_ref-21\" class=\"reference\"><\/sup> Er gilt als \u201eUrgestein\u201c<sup id=\"cite_ref-22\" class=\"reference\"><\/sup> und \u201eLegende\u201c<sup id=\"cite_ref-23\" class=\"reference\"><\/sup> der Social-Beat-Szene und der \u201eLyrik Performance\u201c. Er war deutschlandweit unterwegs auf Lesetouren und f\u00f6rderte junge Nachwuchsliteraten. 1996 wurde er zum \u201eDeutschen Literatur-Meister\u201c beim internationalen Poetry Slam gew\u00e4hlt.<\/p>\n<p style=\"text-align: justify;\"><strong>Weiterf\u00fchrend \u2192 <\/strong><\/p>\n<p style=\"text-align: justify;\">Zu den Gr\u00fcndungsmythen der alten BRD geh\u00f6rt die <a href=\"http:\/\/www.editiondaslabor.de\/blog\/2001\/04\/01\/nonkonformistische-literatur\/\">Nonkonformistische Literatur<\/a>, lesen Sie dazu auch ein Portr\u00e4t von <a href=\"http:\/\/www.editiondaslabor.de\/blog\/2000\/04\/04\/vauo\/\">V.O. Stomps<\/a>, dem Klassiker des Andersseins. Kaum jemand hat die L\u00fcckenhaftigkeit des <em>Underground<\/em> so konzequent <a href=\"http:\/\/www.editiondaslabor.de\/blog\/2008\/09\/24\/underground\/\">erz\u00e4hlt<\/a> wie N\u00ed Gudix und ihre <a href=\"http:\/\/www.editiondaslabor.de\/blog\/2008\/08\/23\/kritik-an-der-literarischen-alternative\/\">Kritik an der literarischen Alternative<\/a> ist berechtigt. Ein Portr\u00e4t von N\u00ed Gudix findet sich <a href=\"http:\/\/www.editiondaslabor.de\/blog\/2015\/08\/16\/da-lernst-du-die-menschen-kennen\/\">hier<\/a> (und als Leseprobe ihren <a href=\"http:\/\/www.editiondaslabor.de\/blog\/2006\/12\/30\/hausaffentango\/\">Hausaffentango<\/a>). Lesen Sie auch die <a href=\"http:\/\/www.editiondaslabor.de\/blog\/2005\/09\/24\/erinnerungen\/\">Erinnerungen an den Bottroper Literaturrocker<\/a> von Werner Streletz und den <a href=\"http:\/\/www.editiondaslabor.de\/blog\/2008\/09\/28\/rip-bruno\/\">Nachruf<\/a> von Bruno Runzheimer. Zum 100. Geburtstag von Charles Bukowski, eine <a href=\"http:\/\/www.editiondaslabor.de\/blog\/2020\/08\/16\/ledertasche-geborgt\/\">Doppelbesprechung<\/a> von Hartmuth Malornys Ruhrgebietsroman <em>Die schwarze Ledertasche<\/em>. 1989 erscheint Helge Schneiders allererste Schallplatte <a href=\"http:\/\/www.editiondaslabor.de\/blog\/?p=26990\"><em>Seine gr\u00f6\u00dften Erfolge<\/em><\/a>, produziert von Helge Schneider und <a href=\"http:\/\/www.editiondaslabor.de\/blog\/2012\/07\/20\/klangkloetzchen\/\">Tom T\u00e4ger<\/a> im Tonstudio\/Ruhr. Lesen Sie auch das <a href=\"http:\/\/www.editiondaslabor.de\/blog\/?p=26709\">Portr\u00e4t <\/a>der einzigartigen Proletendiva aus dem Ruhrgebeat auf KUNO. In einem Kollegengespr\u00e4ch mit Barbara Ester dekonstruiert A.J. Weigoni die <em><a href=\"http:\/\/www.editiondaslabor.de\/blog\/1997\/10\/09\/ruhrgebietsromantik\/\">Ruhrgebietsromantik<\/a><\/em>. Mit<a href=\"http:\/\/www.editiondaslabor.de\/blog\/?p=6071\"> Kersten Flenter<\/a> und <a href=\"http:\/\/www.editiondaslabor.de\/blog\/2001\/06\/23\/killroy-review\/\">Michael Sch\u00f6nauer<\/a> geh\u00f6rte <a href=\"http:\/\/www.editiondaslabor.de\/blog\/2015\/08\/24\/polyphone-ich-erzaehlungen\/\">Tom de Toys<\/a> zum\u00a0Dreigestirn des deutschen <a href=\"http:\/\/www.editiondaslabor.de\/blog\/1997\/01\/05\/bewegung\/\">Poetry Slam<\/a>. Einen Nachruf von Theo Breuer auf den Urvater des Social-Beat finden Sie <a href=\"http:\/\/www.editiondaslabor.de\/blog\/2012\/03\/07\/hubsch-revisited\/\">hier<\/a> \u2013 Sowie selbstverst\u00e4ndlich his <a href=\"http:\/\/www.editiondaslabor.de\/blog\/1995\/06\/25\/wie-was-social-beat-ist-und-warum-und-warum-nicht\/\">Masters voice<\/a>. Und Dr. Stahls kaltgenaue <a href=\"http:\/\/www.editiondaslabor.de\/blog\/2002\/06\/26\/social-beat-vs-digitales-dasein\/\">Analyse<\/a>. \u2013 Constanze Schmidt beschreibt den Weg von <a href=\"http:\/\/www.editiondaslabor.de\/blog\/?p=26080\">Proust zu Pulp<\/a>. Ebenso eindr\u00fccklich empfohlen sei Heiner Links <a href=\"http:\/\/www.editiondaslabor.de\/blog\/?p=42272\">Vorwort<\/a> zum Band Trash-Piloten. Inzwischen hat sich Trash andere Kunstformen erobert, dazu die <a href=\"http:\/\/www.editiondaslabor.de\/blog\/2014\/11\/01\/trash-eine-einfuehrung\/\">Aufmerksamkeit<\/a> einer geneigten Kulturkritik. In der Reihe <em>Gossenhefte<\/em> zeigt sich, was passiert, wenn sich literarischer Bodensatz und die Reflexionsm\u00f6glichkeiten von popul\u00e4rkulturellen Tugenden nahe genug kommen, der Essay <a href=\"http:\/\/www.editiondaslabor.de\/blog\/?p=35655\"><em>Perlen des Trash<\/em><\/a> stellt diese Reihe ausf\u00fchrlich vor. Die KUNO-Redaktion bat A.J. Weigoni um einen Text mit Bezug auf die Mainzer Minpressenmesse (MMPM) und er kramte eine <a href=\"http:\/\/www.editiondaslabor.de\/blog\/1993\/05\/31\/treff-der-titanen\/\">Realsatire<\/a> aus dem Jahr 1993 heraus, die er f\u00fcr den Mainzer Verleger Jens Neumann geschrieben hat. J\u00fcrgen Kipp \u00fcber die <a href=\"http:\/\/www.editiondaslabor.de\/blog\/2013\/06\/01\/geschichte-und-aufgaben-des-mainzer-minipressen-archives-mmpa\/\">Aufgaben des Mainzer Minipressen-Archives<\/a>. Ein w\u00fcrdiger Abschlu\u00df gelingt Boris Kerenski mit <a href=\"http:\/\/www.editiondaslabor.de\/blog\/2021\/03\/30\/wer-war-ist-noch-social-beat\/\">Stimmen aus dem popliterarischen Untergrund<\/a><strong>.<\/strong><\/p>\n<p style=\"text-align: justify;\">\n","protected":false},"excerpt":{"rendered":"<p>(In Memoriam Townes Van Zandt) Von manchen Leuten h\u00f6rst du erst, Wenn sie gestorben sind, Und vielleicht ist das auch besser so, Deine Liebe bleibt rein und traurig, Du kannst dein Herz nicht mehr verlieren, Falls du gelernt hast zu&hellip;<\/p>\n<p class=\"more-link-p\"><a class=\"more-link\" href=\"http:\/\/www.editiondaslabor.de\/blog\/2015\/01\/04\/je-spaeter-der-abend\/\">Read more &rarr;<\/a><\/p>\n","protected":false},"author":201,"featured_media":97921,"comment_status":"closed","ping_status":"closed","sticky":false,"template":"","format":"standard","meta":{"footnotes":""},"categories":[1],"tags":[249],"class_list":["post-95953","post","type-post","status-publish","format-standard","has-post-thumbnail","hentry","category-literatur","tag-hadayatullah-hubsch"],"_links":{"self":[{"href":"http:\/\/www.editiondaslabor.de\/blog\/wp-json\/wp\/v2\/posts\/95953","targetHints":{"allow":["GET"]}}],"collection":[{"href":"http:\/\/www.editiondaslabor.de\/blog\/wp-json\/wp\/v2\/posts"}],"about":[{"href":"http:\/\/www.editiondaslabor.de\/blog\/wp-json\/wp\/v2\/types\/post"}],"author":[{"embeddable":true,"href":"http:\/\/www.editiondaslabor.de\/blog\/wp-json\/wp\/v2\/users\/201"}],"replies":[{"embeddable":true,"href":"http:\/\/www.editiondaslabor.de\/blog\/wp-json\/wp\/v2\/comments?post=95953"}],"version-history":[{"count":1,"href":"http:\/\/www.editiondaslabor.de\/blog\/wp-json\/wp\/v2\/posts\/95953\/revisions"}],"predecessor-version":[{"id":97922,"href":"http:\/\/www.editiondaslabor.de\/blog\/wp-json\/wp\/v2\/posts\/95953\/revisions\/97922"}],"wp:featuredmedia":[{"embeddable":true,"href":"http:\/\/www.editiondaslabor.de\/blog\/wp-json\/wp\/v2\/media\/97921"}],"wp:attachment":[{"href":"http:\/\/www.editiondaslabor.de\/blog\/wp-json\/wp\/v2\/media?parent=95953"}],"wp:term":[{"taxonomy":"category","embeddable":true,"href":"http:\/\/www.editiondaslabor.de\/blog\/wp-json\/wp\/v2\/categories?post=95953"},{"taxonomy":"post_tag","embeddable":true,"href":"http:\/\/www.editiondaslabor.de\/blog\/wp-json\/wp\/v2\/tags?post=95953"}],"curies":[{"name":"wp","href":"https:\/\/api.w.org\/{rel}","templated":true}]}}