{"id":95733,"date":"2018-11-30T00:01:27","date_gmt":"2018-11-29T23:01:27","guid":{"rendered":"http:\/\/www.editiondaslabor.de\/blog\/?p=95733"},"modified":"2022-02-21T11:29:48","modified_gmt":"2022-02-21T10:29:48","slug":"gegen-die-muessiggaenger","status":"publish","type":"post","link":"http:\/\/www.editiondaslabor.de\/blog\/2018\/11\/30\/gegen-die-muessiggaenger\/","title":{"rendered":"Gegen die M\u00fc\u00dfigg\u00e4nger"},"content":{"rendered":"<p>&nbsp;<\/p>\n<p style=\"text-align: justify;\">Ich habe zwar gedichtet und gelernt, wei\u00df aber recht wohl: Arbeit ist das nicht zu nennen. Die Wahrheit ist, ich mache gar nichts und Nichtstun ist eine gro\u00dfe Plage. Wie wenige halten das aus!<\/p>\n<p>&nbsp;<\/p>\n<p>&nbsp;<\/p>\n<p>&nbsp;<\/p>\n<div id=\"attachment_95740\" style=\"width: 201px\" class=\"wp-caption alignleft\"><img loading=\"lazy\" decoding=\"async\" aria-describedby=\"caption-attachment-95740\" class=\"wp-image-95740 size-medium\" src=\"http:\/\/www.editiondaslabor.de\/blog\/wp-content\/uploads\/2018\/11\/Gift_Cover-191x300.jpg\" alt=\"\" width=\"191\" height=\"300\" srcset=\"http:\/\/www.editiondaslabor.de\/blog\/wp-content\/uploads\/2018\/11\/Gift_Cover-191x300.jpg 191w, http:\/\/www.editiondaslabor.de\/blog\/wp-content\/uploads\/2018\/11\/Gift_Cover-318x500.jpg 318w, http:\/\/www.editiondaslabor.de\/blog\/wp-content\/uploads\/2018\/11\/Gift_Cover-160x251.jpg 160w, http:\/\/www.editiondaslabor.de\/blog\/wp-content\/uploads\/2018\/11\/Gift_Cover.jpg 700w\" sizes=\"auto, (max-width: 191px) 100vw, 191px\" \/><p id=\"caption-attachment-95740\" class=\"wp-caption-text\">Cover der vergriffenen Originalausgabe<\/p><\/div>\n<p style=\"text-align: justify;\">Vor 100 Jahren starb Otfried Krzyzanowski, Er brach 1910 das Studium ab und widmete sich der Literatur und der Boh\u00e8me. Er verweigerte sich der b\u00fcrgerlichen Lebensform. Ab 1912 erschienen in Zeitschriften einige wenige Gedichte und Prosaskizzen, die dem Expressionismus zuzurechnen sind. Er lebte zu in Not und Armut. Seine G\u00f6nner fand er in den Kaffeeh\u00e4usern, besonders im Caf\u00e9 Central im Kreis um Franz Blei und Franz Werfel. Um Soldat zu sein war Otfried Krzyzanowski zu krank, f\u00fcr eine b\u00fcrgerliche Existenz nicht tauglich oder nicht bereit, er lebte seine radikale Boh\u00e8meexistenz in Wiener Kaffeeh\u00e4usern, las Nietzsche, erbettelte ein karges \u00dcberleben. \u00dcber den Krieg schreiben kann vielleicht nur, wer nicht mit drin steckt. Kurz nach Kriegsende blieb er dem Kaffeehaus fern, er war in einem Wiener Krankenhaus gestorben, an oder mit Hunger, Grippe oder Tbc, die Diagnose ist nicht eindeutig.<\/p>\n<p style=\"text-align: justify;\"><strong>Weiterf\u00fchrend \u2192<\/strong>\u00a0Poesie z\u00e4hlt f\u00fcr KUNO weiterhin zu den identit\u00e4ts- und identifikationstiftenden Elementen einer Kultur, dies bezeugte auch der Versuch einer <a href=\"http:\/\/www.editiondaslabor.de\/blog\/?p=25630\">poetologischen Positionsbestimmung<\/a>.<\/p>\n","protected":false},"excerpt":{"rendered":"<p>&nbsp; Ich habe zwar gedichtet und gelernt, wei\u00df aber recht wohl: Arbeit ist das nicht zu nennen. Die Wahrheit ist, ich mache gar nichts und Nichtstun ist eine gro\u00dfe Plage. Wie wenige halten das aus! &nbsp; &nbsp; &nbsp; Vor 100&hellip;<\/p>\n<p class=\"more-link-p\"><a class=\"more-link\" href=\"http:\/\/www.editiondaslabor.de\/blog\/2018\/11\/30\/gegen-die-muessiggaenger\/\">Read more &rarr;<\/a><\/p>\n","protected":false},"author":238,"featured_media":99147,"comment_status":"closed","ping_status":"closed","sticky":false,"template":"","format":"standard","meta":{"footnotes":""},"categories":[1],"tags":[3205],"class_list":["post-95733","post","type-post","status-publish","format-standard","has-post-thumbnail","hentry","category-literatur","tag-otfried-krzyzanowski"],"_links":{"self":[{"href":"http:\/\/www.editiondaslabor.de\/blog\/wp-json\/wp\/v2\/posts\/95733","targetHints":{"allow":["GET"]}}],"collection":[{"href":"http:\/\/www.editiondaslabor.de\/blog\/wp-json\/wp\/v2\/posts"}],"about":[{"href":"http:\/\/www.editiondaslabor.de\/blog\/wp-json\/wp\/v2\/types\/post"}],"author":[{"embeddable":true,"href":"http:\/\/www.editiondaslabor.de\/blog\/wp-json\/wp\/v2\/users\/238"}],"replies":[{"embeddable":true,"href":"http:\/\/www.editiondaslabor.de\/blog\/wp-json\/wp\/v2\/comments?post=95733"}],"version-history":[{"count":1,"href":"http:\/\/www.editiondaslabor.de\/blog\/wp-json\/wp\/v2\/posts\/95733\/revisions"}],"predecessor-version":[{"id":99150,"href":"http:\/\/www.editiondaslabor.de\/blog\/wp-json\/wp\/v2\/posts\/95733\/revisions\/99150"}],"wp:featuredmedia":[{"embeddable":true,"href":"http:\/\/www.editiondaslabor.de\/blog\/wp-json\/wp\/v2\/media\/99147"}],"wp:attachment":[{"href":"http:\/\/www.editiondaslabor.de\/blog\/wp-json\/wp\/v2\/media?parent=95733"}],"wp:term":[{"taxonomy":"category","embeddable":true,"href":"http:\/\/www.editiondaslabor.de\/blog\/wp-json\/wp\/v2\/categories?post=95733"},{"taxonomy":"post_tag","embeddable":true,"href":"http:\/\/www.editiondaslabor.de\/blog\/wp-json\/wp\/v2\/tags?post=95733"}],"curies":[{"name":"wp","href":"https:\/\/api.w.org\/{rel}","templated":true}]}}