{"id":95615,"date":"1989-07-29T00:01:36","date_gmt":"1989-07-28T22:01:36","guid":{"rendered":"http:\/\/www.editiondaslabor.de\/blog\/?p=95615"},"modified":"2021-12-26T07:30:42","modified_gmt":"2021-12-26T06:30:42","slug":"die-zeit-danach","status":"publish","type":"post","link":"http:\/\/www.editiondaslabor.de\/blog\/1989\/07\/29\/die-zeit-danach\/","title":{"rendered":"Die Zeit danach"},"content":{"rendered":"<h1><img loading=\"lazy\" decoding=\"async\" class=\"size-full wp-image-95617 aligncenter\" src=\"http:\/\/www.editiondaslabor.de\/blog\/wp-content\/uploads\/2021\/11\/Zeit_Cover_Breuer.jpg\" alt=\"\" width=\"287\" height=\"400\" srcset=\"http:\/\/www.editiondaslabor.de\/blog\/wp-content\/uploads\/2021\/11\/Zeit_Cover_Breuer.jpg 287w, http:\/\/www.editiondaslabor.de\/blog\/wp-content\/uploads\/2021\/11\/Zeit_Cover_Breuer-215x300.jpg 215w, http:\/\/www.editiondaslabor.de\/blog\/wp-content\/uploads\/2021\/11\/Zeit_Cover_Breuer-160x223.jpg 160w\" sizes=\"auto, (max-width: 287px) 100vw, 287px\" \/><\/h1>\n<div><\/div>\n<div style=\"text-align: justify;\"><strong>Die Zeit danach<\/strong>. Gedichte und Gedanken von Theo Breuer<\/div>\n<div style=\"text-align: justify;\">1. Auflage, Sistig\/Eifel : Theo Breuer. 1989, 15 x 21 cm, Original-Karton-Band ohne Schutzumschlag, 53 Seiten. Illustriert von R\u00fcdiger Axel Westphal. Nachwort von Hans-Peter Kurten. Limitierte Erstausgabe &#8211; 300 Exemplare<\/div>\n<div style=\"text-align: justify;\">\n<h5 style=\"text-align: justify;\">Weiterf\u00fchrend \u2192<\/h5>\n<p style=\"text-align: justify;\">Einen Essay \u00fcber das Tun von Theo Breuer lesen Sie <a href=\"http:\/\/www.editiondaslabor.de\/blog\/?p=12773\">hier<\/a>.<\/p>\n<p style=\"text-align: justify;\"><strong>\u2192<\/strong>\u00a0Poesie z\u00e4hlt f\u00fcr KUNO weiterhin zu den identit\u00e4ts- und identifikationstiftenden Elementen einer Kultur, dies bezeugte auch der Versuch einer <a href=\"http:\/\/www.editiondaslabor.de\/blog\/?p=25630\">poetologischen Positionsbestimmung<\/a>. Um den Widerstand gegen die gepolsterte Gegenwartslyrik ein wenig anzufachen schickte <span data-offset-key=\"d96ve-1-0\">Wolfgang Schlott<\/span><span data-offset-key=\"d96ve-2-0\"> KUNO dieses\u00a0 post-dadaistische <a href=\"http:\/\/www.editiondaslabor.de\/blog\/2016\/02\/03\/handwerkliche-anleitungen-zur-ueberwindung-von-schreibblockaden\/\">Manifest<\/a>. Warum<\/span> Lyrik wieder in die Zeitungen geh\u00f6rt <a href=\"http:\/\/www.editiondaslabor.de\/blog\/2017\/10\/07\/der-dichtung-eine-bresche-schlagen\/\">begr\u00fcndete<\/a> Walther Stonet bereits in 2007, diese Forderung hat nichts an Aktualit\u00e4t verloren. KUNO sch\u00e4tzt den minuti\u00f6sen Selbstinszenierungsprozess des lyrischen Dichter-Ichs von Ulrich Bergmann in der Reihe <a href=\"http:\/\/www.editiondaslabor.de\/blog\/?p=27947\">Keine Bojen auf hoher See, nur Sterne \u2026 und Schwerkraft. Gedanken \u00fcber das lyrische Schreiben<\/a>. Lesen Sie ein <a href=\"http:\/\/www.editiondaslabor.de\/blog\/?p=22835\">Portr\u00e4t <\/a>\u00fcber die interdisziplin\u00e4re T\u00e4tigkeit von Angelika Janz, sowie einen <a href=\"http:\/\/www.editiondaslabor.de\/blog\/?p=29450\">Essay<\/a> der <em>Fragmenttexterin.<\/em> Lesenswert auch die <a href=\"http:\/\/www.editiondaslabor.de\/blog\/2020\/05\/16\/verseschmied-und-lyrikfischer\/\">Gratulation<\/a> von Axel Kutsch durch Markus Peters zum 75. Geburtstag. Lesen Sie auch Maximilian Zanders <a href=\"http:\/\/www.editiondaslabor.de\/blog\/?p=5418\">Essay <\/a>\u00fcber Lyrik und ein R\u00fcckblick auf den <a href=\"http:\/\/www.editiondaslabor.de\/blog\/2014\/01\/08\/lyrik-katalog-bundesrepublik\/\"> <em>Lyrik-Katalog Bundesrepublik <\/em><\/a>eine Anthologie zeitgen\u00f6ssischer deutschsprachiger Dichtung. Auf KUNO finden Sie auch den Rezensionsessay von Holger Benkel \u00fcber <a href=\"http:\/\/www.editiondaslabor.de\/blog\/2018\/12\/20\/wohnraeume-der-poesie\/\">Friederike Mayr\u00f6cker<\/a>.<\/p>\n<\/div>\n<div style=\"text-align: justify;\"><\/div>\n","protected":false},"excerpt":{"rendered":"<p>Die Zeit danach. Gedichte und Gedanken von Theo Breuer 1. Auflage, Sistig\/Eifel : Theo Breuer. 1989, 15 x 21 cm, Original-Karton-Band ohne Schutzumschlag, 53 Seiten. Illustriert von R\u00fcdiger Axel Westphal. Nachwort von Hans-Peter Kurten. Limitierte Erstausgabe &#8211; 300 Exemplare Weiterf\u00fchrend&hellip;<\/p>\n<p class=\"more-link-p\"><a class=\"more-link\" href=\"http:\/\/www.editiondaslabor.de\/blog\/1989\/07\/29\/die-zeit-danach\/\">Read more &rarr;<\/a><\/p>\n","protected":false},"author":2,"featured_media":95617,"comment_status":"closed","ping_status":"closed","sticky":false,"template":"","format":"standard","meta":{"footnotes":""},"categories":[1],"tags":[84],"class_list":["post-95615","post","type-post","status-publish","format-standard","has-post-thumbnail","hentry","category-literatur","tag-theo-breuer"],"_links":{"self":[{"href":"http:\/\/www.editiondaslabor.de\/blog\/wp-json\/wp\/v2\/posts\/95615","targetHints":{"allow":["GET"]}}],"collection":[{"href":"http:\/\/www.editiondaslabor.de\/blog\/wp-json\/wp\/v2\/posts"}],"about":[{"href":"http:\/\/www.editiondaslabor.de\/blog\/wp-json\/wp\/v2\/types\/post"}],"author":[{"embeddable":true,"href":"http:\/\/www.editiondaslabor.de\/blog\/wp-json\/wp\/v2\/users\/2"}],"replies":[{"embeddable":true,"href":"http:\/\/www.editiondaslabor.de\/blog\/wp-json\/wp\/v2\/comments?post=95615"}],"version-history":[{"count":0,"href":"http:\/\/www.editiondaslabor.de\/blog\/wp-json\/wp\/v2\/posts\/95615\/revisions"}],"wp:featuredmedia":[{"embeddable":true,"href":"http:\/\/www.editiondaslabor.de\/blog\/wp-json\/"}],"wp:attachment":[{"href":"http:\/\/www.editiondaslabor.de\/blog\/wp-json\/wp\/v2\/media?parent=95615"}],"wp:term":[{"taxonomy":"category","embeddable":true,"href":"http:\/\/www.editiondaslabor.de\/blog\/wp-json\/wp\/v2\/categories?post=95615"},{"taxonomy":"post_tag","embeddable":true,"href":"http:\/\/www.editiondaslabor.de\/blog\/wp-json\/wp\/v2\/tags?post=95615"}],"curies":[{"name":"wp","href":"https:\/\/api.w.org\/{rel}","templated":true}]}}