{"id":95607,"date":"1999-12-28T00:01:02","date_gmt":"1999-12-27T23:01:02","guid":{"rendered":"http:\/\/www.editiondaslabor.de\/blog\/?p=95607"},"modified":"2021-12-26T12:41:27","modified_gmt":"2021-12-26T11:41:27","slug":"wolkenstein","status":"publish","type":"post","link":"http:\/\/www.editiondaslabor.de\/blog\/1999\/12\/28\/wolkenstein\/","title":{"rendered":"Wolkenstein"},"content":{"rendered":"<p style=\"text-align: right;\"><em><span style=\"color: #999999;\">Es fuegt sich, do ich was von zehen jaren alt,<\/span><\/em><br \/>\n<em><span style=\"color: #999999;\">ich wolt besehen, wie die werlt wer gestalt \u2026 <\/span><\/em><\/p>\n<p style=\"text-align: right;\"><span style=\"color: #999999;\">Oswald von Wolkenstein<\/span><\/p>\n<p>&nbsp;<\/p>\n<p style=\"text-align: justify;\">Der Wolkenstein-Verlag K\u00f6ln wurde 1989 von Bert Brune und Frieder D\u00f6ring in der Maternusstra\u00dfe in der K\u00f6lner S\u00fcdstadt im Gedenken an den deutschen Minnes\u00e4nger Oswald von Wolkenstein (1377\u20131448) gegr\u00fcndet. 1990 wurde Heinz Sch\u00fcssler als Gesch\u00e4ftsf\u00fchrer aufgenommen. Ziel des Verlags war, Neuproduktionen weniger bekannter Autoren herauszubringen und zu vermarkten.<\/p>\n<p style=\"text-align: justify;\">So war der Wolkenstein-Verlag von 1990 bis 1999 regelm\u00e4\u00dfig auf dem K\u00f6lner B\u00fccherherbst mit einem Stand vertreten, ebenso auf der Mainzer Minipressen-Messe. Er arbeitete in \u00fcber 300 \u00f6ffentlichen Veranstaltungen mit bekannten und weniger bekannten Autoren sowie mit dem Literaturcaf\u00e9 Troisdorf und der Frankfurter \u201eOswald von Wolkenstein Gesellschaft\u201c zusammen. Im Sinne Wolkensteins wurden von dem Gr\u00fcnder-Trio gemeinsam mit anderen K\u00fcnstlern und Musikern auf Lesungen und literarischen Wanderungen (etwa \u201eWolkenstein trifft Caesarius von Heisterbach\u201c, \u201eNeue Lyrik und neue Musik\u201c, \u201eMaienleier am Leyenweier\u201c, \u201eDer K\u00f6nig und sein Troubadour\u201c) Wolkensteintexte und eigene lyrische Produktionen auch musikalisch in B\u00e4nkels\u00e4ngermanier vorgetragen.<\/p>\n<p style=\"text-align: justify;\">Von 1991 bis 1999 gab der Wolkenstein-Verlag eine zehnb\u00e4ndige Lyrikreihe unter dem Namen <i>Edition Wolkenstein \u2013 Lyrik der 90er Jahre<\/i> heraus, die 1999 in dem Band <i>Ohne Punkt &amp; Komma. Lyrik in den 90er Jahren<\/i> von mir vorgestellt und rezensiert wurde.<\/p>\n<p>&nbsp;<\/p>\n<p>&nbsp;<\/p>\n<p style=\"text-align: center;\">* * *<\/p>\n<p style=\"text-align: justify;\"><strong>Weiterf\u00fchrend<\/strong> <strong>\u2192<\/strong> Ein Essay \u00fcber den <a href=\"http:\/\/www.editiondaslabor.de\/blog\/2013\/12\/26\/lauschender-leser-und-redender-schreiber-2\/\">Lyrikvermittler<\/a> Theo Breuer.<\/p>\n<p style=\"text-align: justify;\"><strong><img loading=\"lazy\" decoding=\"async\" class=\"alignleft wp-image-95609 size-medium\" src=\"http:\/\/www.editiondaslabor.de\/blog\/wp-content\/uploads\/1999\/12\/Ohne-Punkt_Cover-205x300.jpg\" alt=\"\" width=\"205\" height=\"300\" srcset=\"http:\/\/www.editiondaslabor.de\/blog\/wp-content\/uploads\/1999\/12\/Ohne-Punkt_Cover-205x300.jpg 205w, http:\/\/www.editiondaslabor.de\/blog\/wp-content\/uploads\/1999\/12\/Ohne-Punkt_Cover-160x234.jpg 160w, http:\/\/www.editiondaslabor.de\/blog\/wp-content\/uploads\/1999\/12\/Ohne-Punkt_Cover.jpg 341w\" sizes=\"auto, (max-width: 205px) 100vw, 205px\" \/><\/strong><\/p>\n<p style=\"text-align: justify;\"><strong>\u2192<\/strong> Poesie z\u00e4hlt f\u00fcr KUNO zu den identit\u00e4ts- und identifikationstiftenden Elementen einer Kultur, dies bezeugt der Versuch einer <a href=\"http:\/\/www.editiondaslabor.de\/blog\/?p=25630\">poetologischen Positionsbestimmung<\/a>. Um den Widerstand gegen die gepolsterte Gegenwartslyrik ein wenig anzufachen schickte <span data-offset-key=\"d96ve-1-0\">Wolfgang Schlott<\/span><span data-offset-key=\"d96ve-2-0\"> dieses\u00a0 post-dadaistische <a href=\"http:\/\/www.editiondaslabor.de\/blog\/2016\/02\/03\/handwerkliche-anleitungen-zur-ueberwindung-von-schreibblockaden\/\">Manifest<\/a>. Warum<\/span> Lyrik wieder in die Zeitungen geh\u00f6rt <a href=\"http:\/\/www.editiondaslabor.de\/blog\/2017\/10\/07\/der-dichtung-eine-bresche-schlagen\/\">begr\u00fcndete<\/a> Walther Stonet, diese Forderung hat nichts an Aktualit\u00e4t verloren. Lesen Sie auch Maximilian Zanders <a href=\"http:\/\/www.editiondaslabor.de\/blog\/?p=5418\">Essay <\/a>\u00fcber Lyrik und ein R\u00fcckblick auf den <a href=\"http:\/\/www.editiondaslabor.de\/blog\/2014\/01\/08\/lyrik-katalog-bundesrepublik\/\"><em>Lyrik-Katalog Bundesrepublik<\/em><\/a>. KUNO sch\u00e4tzt den minuti\u00f6sen Selbstinszenierungsprozess des lyrischen Dichter-Ichs von Ulrich Bergmann in der Reihe <a href=\"http:\/\/www.editiondaslabor.de\/blog\/?p=27947\">Keine Bojen auf hoher See, nur Sterne \u2026 und Schwerkraft. Gedanken \u00fcber das lyrische Schreiben<\/a>. Lesen Sie ein <a href=\"http:\/\/www.editiondaslabor.de\/blog\/?p=22835\">Portr\u00e4t <\/a>\u00fcber die interdisziplin\u00e4re T\u00e4tigkeit von Angelika Janz, sowie einen <a href=\"http:\/\/www.editiondaslabor.de\/blog\/?p=29450\">Essay<\/a> der <em>Fragmenttexterin.<\/em> Ein Portr\u00e4t von Sophie Reyer findet sich\u00a0<a href=\"http:\/\/www.editiondaslabor.de\/blog\/2013\/10\/08\/von-sappho-zu-sophie\/\">hier<\/a>, ein Essay fasst das transmediale Projekt<em> &#8222;<a href=\"http:\/\/www.editiondaslabor.de\/blog\/2021\/04\/14\/bi-textualitaet\/\">Wortspielhalle<\/a>&#8220; <\/em>zusammen<em>. <\/em>Auf KUNO lesen Sie u.a. Rezensionsessays von <a href=\"http:\/\/www.editiondaslabor.de\/blog\/2015\/06\/17\/beschwoerungszauber\/\">Holger Benkel<\/a> \u00fcber <a href=\"http:\/\/www.editiondaslabor.de\/blog\/?p=15175\">Andr\u00e9 Schinkel<\/a>, <a href=\"http:\/\/www.editiondaslabor.de\/blog\/2017\/11\/12\/mit-deutschen-untertiteln\/\">Ralph Pordzik<\/a>,\u00a0<a href=\"http:\/\/www.editiondaslabor.de\/blog\/2018\/12\/20\/wohnraeume-der-poesie\/\">Friederike Mayr\u00f6cker<\/a>, <a href=\"http:\/\/www.editiondaslabor.de\/blog\/2017\/03\/19\/welten-gegenwelten\/\">Werner Weimar-Mazur<\/a>, <a href=\"http:\/\/www.editiondaslabor.de\/blog\/2019\/06\/26\/wohnraeume-der-poesie-2\/\">Peter Engstler<\/a>, <a href=\"http:\/\/www.editiondaslabor.de\/blog\/?p=15177\">Birgitt Lieberwirth<\/a>, <a href=\"http:\/\/www.editiondaslabor.de\/blog\/2019\/08\/17\/der-grill-auf-der-hauswiese-der-welt\/\">Linda Vilhj\u00e1lmsd\u00f3ttir<\/a>, und <a href=\"http:\/\/www.editiondaslabor.de\/blog\/2017\/09\/17\/rettungsversuche-der-literatur-im-digitalen-raum\/\">A.J. Weigoni<\/a>. Lesenswert auch die <a href=\"http:\/\/www.editiondaslabor.de\/blog\/2020\/05\/16\/verseschmied-und-lyrikfischer\/\">Gratulation<\/a> von Axel Kutsch durch Markus Peters zum 75. Geburtstag. Nicht zu vergessen eine Empfehlung der kristallklaren Lyrik von <a href=\"http:\/\/www.editiondaslabor.de\/blog\/2020\/01\/19\/die-lyrikerin-ines-hagemeyer\/\">Ines Hagemeyer<\/a>. Diese Betrachtungen versammeln sich in der Tradition von <a href=\"http:\/\/www.editiondaslabor.de\/blog\/2000\/04\/04\/vauo\/\">V.O. Stomps<\/a>, dem Klassiker des Andersseins, dem <a href=\"http:\/\/www.editiondaslabor.de\/blog\/2005\/09\/24\/erinnerungen\/\">Bottroper Literaturrocker<\/a> &#8222;Biby&#8220; Wintjes und Hadayatullah H\u00fcbsch, dem Urvater des <a href=\"http:\/\/www.editiondaslabor.de\/blog\/1995\/06\/30\/wie-was-social-beat-ist-und-warum-und-warum-nicht\/\"><em>Social-Beat<\/em><\/a>, im KUNO-Online-Archiv. Wir empfehlen f\u00fcr Neulinge als Einstieg in das weite Feld der nonkonformistischen Literatur <a href=\"http:\/\/www.editiondaslabor.de\/blog\/2001\/04\/01\/nonkonformistische-literatur\/\">diesem Hinweis<\/a> zu folgen.<\/p>\n<p style=\"text-align: justify;\">\n<p style=\"text-align: justify;\">\n","protected":false},"excerpt":{"rendered":"<p>Es fuegt sich, do ich was von zehen jaren alt, ich wolt besehen, wie die werlt wer gestalt \u2026 Oswald von Wolkenstein &nbsp; Der Wolkenstein-Verlag K\u00f6ln wurde 1989 von Bert Brune und Frieder D\u00f6ring in der Maternusstra\u00dfe in der K\u00f6lner&hellip;<\/p>\n<p class=\"more-link-p\"><a class=\"more-link\" href=\"http:\/\/www.editiondaslabor.de\/blog\/1999\/12\/28\/wolkenstein\/\">Read more &rarr;<\/a><\/p>\n","protected":false},"author":9,"featured_media":95609,"comment_status":"closed","ping_status":"closed","sticky":false,"template":"","format":"standard","meta":{"footnotes":""},"categories":[1],"tags":[3191,3192,84],"class_list":["post-95607","post","type-post","status-publish","format-standard","has-post-thumbnail","hentry","category-literatur","tag-bert-brune","tag-frieder-doering","tag-theo-breuer"],"_links":{"self":[{"href":"http:\/\/www.editiondaslabor.de\/blog\/wp-json\/wp\/v2\/posts\/95607","targetHints":{"allow":["GET"]}}],"collection":[{"href":"http:\/\/www.editiondaslabor.de\/blog\/wp-json\/wp\/v2\/posts"}],"about":[{"href":"http:\/\/www.editiondaslabor.de\/blog\/wp-json\/wp\/v2\/types\/post"}],"author":[{"embeddable":true,"href":"http:\/\/www.editiondaslabor.de\/blog\/wp-json\/wp\/v2\/users\/9"}],"replies":[{"embeddable":true,"href":"http:\/\/www.editiondaslabor.de\/blog\/wp-json\/wp\/v2\/comments?post=95607"}],"version-history":[{"count":0,"href":"http:\/\/www.editiondaslabor.de\/blog\/wp-json\/wp\/v2\/posts\/95607\/revisions"}],"wp:featuredmedia":[{"embeddable":true,"href":"http:\/\/www.editiondaslabor.de\/blog\/wp-json\/"}],"wp:attachment":[{"href":"http:\/\/www.editiondaslabor.de\/blog\/wp-json\/wp\/v2\/media?parent=95607"}],"wp:term":[{"taxonomy":"category","embeddable":true,"href":"http:\/\/www.editiondaslabor.de\/blog\/wp-json\/wp\/v2\/categories?post=95607"},{"taxonomy":"post_tag","embeddable":true,"href":"http:\/\/www.editiondaslabor.de\/blog\/wp-json\/wp\/v2\/tags?post=95607"}],"curies":[{"name":"wp","href":"https:\/\/api.w.org\/{rel}","templated":true}]}}