{"id":95455,"date":"1995-08-24T00:01:45","date_gmt":"1995-08-23T22:01:45","guid":{"rendered":"http:\/\/www.editiondaslabor.de\/blog\/?p=95455"},"modified":"2022-04-25T16:30:25","modified_gmt":"2022-04-25T14:30:25","slug":"der-regen","status":"publish","type":"post","link":"http:\/\/www.editiondaslabor.de\/blog\/1995\/08\/24\/der-regen\/","title":{"rendered":"Der Regen"},"content":{"rendered":"<p>&nbsp;<\/p>\n<p>&nbsp;<\/p>\n<p>J\u00e4h ist der Abend hell geworden, denn<\/p>\n<p>schon f\u00e4llt der Regen in genauen Tropfen.<\/p>\n<p>F\u00e4llt oder fiel. Zweifellos ist der Regen<\/p>\n<p>etwas, was in Vergangenheit geschieht.<\/p>\n<p>&nbsp;<\/p>\n<p>Der, der ihn fallen h\u00f6rt, gewinnt die Zeit<\/p>\n<p>zur\u00fcck, da ihm ein g\u00fcnstiges Geschick<\/p>\n<p>die Blume namens Rose offenbarte<\/p>\n<p>und diese sonderbare Farbe Rot.<\/p>\n<p>&nbsp;<\/p>\n<p>Der Regen, der die Scheiben blendet, wird in<\/p>\n<p>verlorenen Vorst\u00e4dten die schwarzen Trauben<\/p>\n<p>der Laube eines Patio erquicken,<\/p>\n<p>&nbsp;<\/p>\n<p>der nicht mehr ist. Dieser benetzte Abend<\/p>\n<p>bringt mir die Stimme, die ersehnte Stimme<\/p>\n<p>meines Vaters, der heimkehrt und nicht tot ist.<\/p>\n<p>&nbsp;<\/p>\n<p>&nbsp;<\/p>\n<p>&nbsp;<\/p>\n<p style=\"text-align: center;\">***<\/p>\n<p><strong>El hacedor<\/strong>, Gedichte und Prosa von Jorge Luis Borges, 1960<\/p>\n<div id=\"attachment_19018\" style=\"width: 230px\" class=\"wp-caption alignleft\"><img loading=\"lazy\" decoding=\"async\" aria-describedby=\"caption-attachment-19018\" class=\"size-full wp-image-19018\" src=\"http:\/\/www.editiondaslabor.de\/blog\/wp-content\/uploads\/2013\/10\/220px-Jorge_Luis_Borges_Hotel.jpg\" alt=\"\" width=\"220\" height=\"289\" \/><p id=\"caption-attachment-19018\" class=\"wp-caption-text\">Jorge Luis Borges, Portr\u00e4t: Pepe Fern\u00e1ndez.<\/p><\/div>\n<p style=\"text-align: justify;\">Jorge Francisco Isidoro Luis Borges Acevedo 1899 in Buenos Aires geboren. Er verfasste eine Vielzahl phantastischer Erz\u00e4hlungen und Gedichte und gilt als Mitbegr\u00fcnder des Magischen Realismus. Ein wiederkehrendes Thema sind B\u00fccher, die Borges immer wieder zu den Hauptfiguren seiner Geschichten machte (z. B. in <i>Die Bibliothek von Babel<\/i>, <i>Das Sandbuch<\/i>, <i>Untersuchung des Werks von Herbert Quain<\/i>, <i>Der Weg zu Amot\u00e1sim<\/i>, oder <i>Tl\u00f6n, Uqbar, Orbis Tertius<\/i>). Oft geht von diesen B\u00fcchern eine phantastische Macht aus, die an den Grundfesten der Realit\u00e4t r\u00fcttelt, diese ver\u00e4ndert oder g\u00e4nzlich eigene Realit\u00e4ten hervorbringt. Parallel dazu sind Borges\u2019 Erz\u00e4hlungen bev\u00f6lkert von bibliophilen und belesenen Hommes de lettres, die sich mit obskuren Schriften oder Enzyklop\u00e4dien auseinandersetzen bzw. diese verfassen. Das gen\u00fcssliche Zitieren oder Erw\u00e4hnen von realen und fiktiven B\u00fcchern inklusive der Angabe von Ort und Ver\u00f6ffentlichungsdatum ist ebenfalls ein Charakteristikum seiner Erz\u00e4hlungen.<\/p>\n<p style=\"text-align: justify;\"><strong>Weiterf\u00fchrend \u2192<\/strong>\u00a0Poesie z\u00e4hlt f\u00fcr KUNO weiterhin zu den identit\u00e4ts- und identifikationstiftenden Elementen einer Kultur, dies bezeugte auch der Versuch einer <a href=\"http:\/\/www.editiondaslabor.de\/blog\/?p=25630\">poetologischen Positionsbestimmung<\/a>.<\/p>\n","protected":false},"excerpt":{"rendered":"<p>&nbsp; &nbsp; J\u00e4h ist der Abend hell geworden, denn schon f\u00e4llt der Regen in genauen Tropfen. F\u00e4llt oder fiel. Zweifellos ist der Regen etwas, was in Vergangenheit geschieht. &nbsp; Der, der ihn fallen h\u00f6rt, gewinnt die Zeit zur\u00fcck, da ihm&hellip;<\/p>\n<p class=\"more-link-p\"><a class=\"more-link\" href=\"http:\/\/www.editiondaslabor.de\/blog\/1995\/08\/24\/der-regen\/\">Read more &rarr;<\/a><\/p>\n","protected":false},"author":71,"featured_media":99501,"comment_status":"closed","ping_status":"closed","sticky":false,"template":"","format":"standard","meta":{"footnotes":""},"categories":[1],"tags":[1085],"class_list":["post-95455","post","type-post","status-publish","format-standard","has-post-thumbnail","hentry","category-literatur","tag-jorge-luis-borges"],"_links":{"self":[{"href":"http:\/\/www.editiondaslabor.de\/blog\/wp-json\/wp\/v2\/posts\/95455","targetHints":{"allow":["GET"]}}],"collection":[{"href":"http:\/\/www.editiondaslabor.de\/blog\/wp-json\/wp\/v2\/posts"}],"about":[{"href":"http:\/\/www.editiondaslabor.de\/blog\/wp-json\/wp\/v2\/types\/post"}],"author":[{"embeddable":true,"href":"http:\/\/www.editiondaslabor.de\/blog\/wp-json\/wp\/v2\/users\/71"}],"replies":[{"embeddable":true,"href":"http:\/\/www.editiondaslabor.de\/blog\/wp-json\/wp\/v2\/comments?post=95455"}],"version-history":[{"count":2,"href":"http:\/\/www.editiondaslabor.de\/blog\/wp-json\/wp\/v2\/posts\/95455\/revisions"}],"predecessor-version":[{"id":102888,"href":"http:\/\/www.editiondaslabor.de\/blog\/wp-json\/wp\/v2\/posts\/95455\/revisions\/102888"}],"wp:featuredmedia":[{"embeddable":true,"href":"http:\/\/www.editiondaslabor.de\/blog\/wp-json\/wp\/v2\/media\/99501"}],"wp:attachment":[{"href":"http:\/\/www.editiondaslabor.de\/blog\/wp-json\/wp\/v2\/media?parent=95455"}],"wp:term":[{"taxonomy":"category","embeddable":true,"href":"http:\/\/www.editiondaslabor.de\/blog\/wp-json\/wp\/v2\/categories?post=95455"},{"taxonomy":"post_tag","embeddable":true,"href":"http:\/\/www.editiondaslabor.de\/blog\/wp-json\/wp\/v2\/tags?post=95455"}],"curies":[{"name":"wp","href":"https:\/\/api.w.org\/{rel}","templated":true}]}}