{"id":95013,"date":"2024-09-25T00:01:48","date_gmt":"2024-09-24T22:01:48","guid":{"rendered":"http:\/\/www.editiondaslabor.de\/blog\/?p=95013"},"modified":"2022-02-21T18:48:22","modified_gmt":"2022-02-21T17:48:22","slug":"regennacht","status":"publish","type":"post","link":"http:\/\/www.editiondaslabor.de\/blog\/2024\/09\/25\/regennacht\/","title":{"rendered":"REGENNACHT"},"content":{"rendered":"<p>&nbsp;<\/p>\n<p>Der Tag ist futsch. Der Himmel ist ersoffen.<\/p>\n<p>Wie falsche Perlen h\u00e4ngen kleine Stumpen<\/p>\n<p>zerhackten Lichts umher. Und machen offen<\/p>\n<p>ein wenig Stra\u00dfe, ein paar H\u00e4userklumpen.<\/p>\n<p>&nbsp;<\/p>\n<p>Verfault ist alles sonst. Und aufgefressen<\/p>\n<p>von schwarzem Nebel, der wie eine Mauer<\/p>\n<p>herunterf\u00e4llt und morsch ist. Und im Pressen<\/p>\n<p>br\u00f6ckelt wie Schutt der Regen \u2013 dichter \u2013 grauer \u2013<\/p>\n<p>&nbsp;<\/p>\n<p>Als wollte jeden Augenblick die ganze,<\/p>\n<p>verseuchte Finsternis zusammensinken.<\/p>\n<p>Wie eine seltsame ertrunkne Pflanze<\/p>\n<p>unten im Sumpf siehst du ein Auto blinken.<\/p>\n<p>&nbsp;<\/p>\n<p>Die \u00e4lt\u2019sten Huren kommen angekrochen<\/p>\n<p>aus nassen Schatten \u2013 schwinds\u00fcchtige Kr\u00f6ten.<\/p>\n<p>Dort schleicht eins. Dorten wird ein Schein erstochen.<\/p>\n<p>Der Regensturz will alles \u00fcbert\u00f6ten \u2026<\/p>\n<p>&nbsp;<\/p>\n<p>Du aber wanderst durch die W\u00fcsteneien.<\/p>\n<p>Dein Kleid h\u00e4ngt schwer. Durchn\u00e4\u00dft sind deine Schuhe.<\/p>\n<p>Dein Auge ist verr\u00fcckt von Gier und Schreien.<\/p>\n<p>Und dieses treibt dich \u2013 und du hast nicht Ruhe:<\/p>\n<p>&nbsp;<\/p>\n<p>Vielleicht erscheint inmitten d\u00fcstrer Feuer<\/p>\n<p>der Teufel selbst in der Gestalt des Schweines.<\/p>\n<p>Vielleicht geschieht etwas ganz ungeheuer<\/p>\n<p>Bl\u00f6dsinniges, Brutales, Hundsgemeines.<\/p>\n<p>&nbsp;<\/p>\n<p>&nbsp;<\/p>\n<p>&nbsp;<\/p>\n<div id=\"attachment_94979\" style=\"width: 187px\" class=\"wp-caption alignleft\"><img loading=\"lazy\" decoding=\"async\" aria-describedby=\"caption-attachment-94979\" class=\"wp-image-94979 size-full\" src=\"http:\/\/www.editiondaslabor.de\/blog\/wp-content\/uploads\/2021\/11\/Lichtenstein.jpg\" alt=\"\" width=\"177\" height=\"216\" srcset=\"http:\/\/www.editiondaslabor.de\/blog\/wp-content\/uploads\/2021\/11\/Lichtenstein.jpg 177w, http:\/\/www.editiondaslabor.de\/blog\/wp-content\/uploads\/2021\/11\/Lichtenstein-160x195.jpg 160w\" sizes=\"auto, (max-width: 177px) 100vw, 177px\" \/><p id=\"caption-attachment-94979\" class=\"wp-caption-text\">Der Dichter Alfred Lichtenstein in Milit\u00e4runiform (1914)<\/p><\/div>\n<p style=\"text-align: justify;\">\u201eEr ist nun abseits, wie alle, die Wesentliches zu sagen haben, (\u2026) w\u00e4hrend geschickte Mittelm\u00e4ssigkeit in bunter Kulissenbeleuchtung paradiert. (\u2026) Aber er wird, wenn alle gl\u00e4nzenden Augenblickspropheten (\u2026) l\u00e4ngst zerst\u00e4ubt sind, noch Menschen aufreissen mit seiner brennenden Wahrhaftigkeit.\u201c (Carl Zuckmayer)<\/p>\n<p style=\"text-align: justify;\">Alfred Lichtenstein gilt als Vollender und Popularisator des Reihungsstil-Gedichts. \u00a0Im Alter von 21 Jahren beginnt er, expressionistische Gedichte zu schreiben, die in der Zeitschrift \u00bbDer Sturm\u00ab erscheinen. Als Freiwilliger nimmt er von Beginn an am Ersten Weltkrieg teil und schreibt unter dem Eindruck der Kriegserlebnisse in seinem Gedicht \u00bbAbschied\u00ab die Zeile: \u00bbVielleicht bin ich in dreizehn Tagen tot.\u00ab Noch im September 1914 f\u00e4llt Alfred Lichtenstein an der Westfront.<\/p>\n<p style=\"text-align: justify;\"><strong>Weiterf\u00fchrend \u2192<\/strong>\u00a0Poesie z\u00e4hlt f\u00fcr KUNO weiterhin zu den identit\u00e4ts- und identifikationstiftenden Elementen einer Kultur, dies bezeugte auch der Versuch einer <a href=\"http:\/\/www.editiondaslabor.de\/blog\/?p=25630\">poetologischen Positionsbestimmung<\/a>.<\/p>\n","protected":false},"excerpt":{"rendered":"<p>&nbsp; Der Tag ist futsch. Der Himmel ist ersoffen. Wie falsche Perlen h\u00e4ngen kleine Stumpen zerhackten Lichts umher. Und machen offen ein wenig Stra\u00dfe, ein paar H\u00e4userklumpen. &nbsp; Verfault ist alles sonst. Und aufgefressen von schwarzem Nebel, der wie eine&hellip;<\/p>\n<p class=\"more-link-p\"><a class=\"more-link\" href=\"http:\/\/www.editiondaslabor.de\/blog\/2024\/09\/25\/regennacht\/\">Read more &rarr;<\/a><\/p>\n","protected":false},"author":237,"featured_media":99374,"comment_status":"closed","ping_status":"closed","sticky":false,"template":"","format":"standard","meta":{"footnotes":""},"categories":[1],"tags":[3181],"class_list":["post-95013","post","type-post","status-publish","format-standard","has-post-thumbnail","hentry","category-literatur","tag-alfred-lichtenstein"],"_links":{"self":[{"href":"http:\/\/www.editiondaslabor.de\/blog\/wp-json\/wp\/v2\/posts\/95013","targetHints":{"allow":["GET"]}}],"collection":[{"href":"http:\/\/www.editiondaslabor.de\/blog\/wp-json\/wp\/v2\/posts"}],"about":[{"href":"http:\/\/www.editiondaslabor.de\/blog\/wp-json\/wp\/v2\/types\/post"}],"author":[{"embeddable":true,"href":"http:\/\/www.editiondaslabor.de\/blog\/wp-json\/wp\/v2\/users\/237"}],"replies":[{"embeddable":true,"href":"http:\/\/www.editiondaslabor.de\/blog\/wp-json\/wp\/v2\/comments?post=95013"}],"version-history":[{"count":1,"href":"http:\/\/www.editiondaslabor.de\/blog\/wp-json\/wp\/v2\/posts\/95013\/revisions"}],"predecessor-version":[{"id":99375,"href":"http:\/\/www.editiondaslabor.de\/blog\/wp-json\/wp\/v2\/posts\/95013\/revisions\/99375"}],"wp:featuredmedia":[{"embeddable":true,"href":"http:\/\/www.editiondaslabor.de\/blog\/wp-json\/wp\/v2\/media\/99374"}],"wp:attachment":[{"href":"http:\/\/www.editiondaslabor.de\/blog\/wp-json\/wp\/v2\/media?parent=95013"}],"wp:term":[{"taxonomy":"category","embeddable":true,"href":"http:\/\/www.editiondaslabor.de\/blog\/wp-json\/wp\/v2\/categories?post=95013"},{"taxonomy":"post_tag","embeddable":true,"href":"http:\/\/www.editiondaslabor.de\/blog\/wp-json\/wp\/v2\/tags?post=95013"}],"curies":[{"name":"wp","href":"https:\/\/api.w.org\/{rel}","templated":true}]}}