{"id":95008,"date":"2005-09-25T00:01:58","date_gmt":"2005-09-24T22:01:58","guid":{"rendered":"http:\/\/www.editiondaslabor.de\/blog\/?p=95008"},"modified":"2021-11-15T07:18:49","modified_gmt":"2021-11-15T06:18:49","slug":"nachmittag-felder-und-fabrik","status":"publish","type":"post","link":"http:\/\/www.editiondaslabor.de\/blog\/2005\/09\/25\/nachmittag-felder-und-fabrik\/","title":{"rendered":"NACHMITTAG, FELDER UND FABRIK"},"content":{"rendered":"<p>&nbsp;<\/p>\n<p>Ich kann die Augen nicht mehr unterbringen.<\/p>\n<p>Ich kann die Knochen nicht zusammenhalten.<\/p>\n<p>Das Herz ist stier. Kopf mu\u00df zerspringen.<\/p>\n<p>Rings weiche Masse. Nichts will sich gestalten.<\/p>\n<p>&nbsp;<\/p>\n<p>&nbsp;<\/p>\n<p>Die Zunge bricht mir. Und das Maul verbiegt sich.<\/p>\n<p>In meinem Sch\u00e4del ist nicht Lust noch Ziele.<\/p>\n<p>Die Sonne, eine Butterblume, wiegt sich<\/p>\n<p>auf einem Schornstein, ihrem schlanken Stiele.<\/p>\n<p>&nbsp;<\/p>\n<p>&nbsp;<\/p>\n<p>&nbsp;<\/p>\n<p>&nbsp;<\/p>\n<div id=\"attachment_94979\" style=\"width: 187px\" class=\"wp-caption alignleft\"><img loading=\"lazy\" decoding=\"async\" aria-describedby=\"caption-attachment-94979\" class=\"wp-image-94979 size-full\" src=\"http:\/\/www.editiondaslabor.de\/blog\/wp-content\/uploads\/2021\/11\/Lichtenstein.jpg\" alt=\"\" width=\"177\" height=\"216\" srcset=\"http:\/\/www.editiondaslabor.de\/blog\/wp-content\/uploads\/2021\/11\/Lichtenstein.jpg 177w, http:\/\/www.editiondaslabor.de\/blog\/wp-content\/uploads\/2021\/11\/Lichtenstein-160x195.jpg 160w\" sizes=\"auto, (max-width: 177px) 100vw, 177px\" \/><p id=\"caption-attachment-94979\" class=\"wp-caption-text\">Der Dichter Alfred Lichtenstein in Milit\u00e4runiform (1914)<\/p><\/div>\n<p style=\"text-align: justify;\">\u201eEr ist nun abseits, wie alle, die Wesentliches zu sagen haben, (\u2026) w\u00e4hrend geschickte Mittelm\u00e4ssigkeit in bunter Kulissenbeleuchtung paradiert. (\u2026) Aber er wird, wenn alle gl\u00e4nzenden Augenblickspropheten (\u2026) l\u00e4ngst zerst\u00e4ubt sind, noch Menschen aufreissen mit seiner brennenden Wahrhaftigkeit.\u201c (Carl Zuckmayer)<\/p>\n<p style=\"text-align: justify;\">Alfred Lichtenstein gilt als Vollender und Popularisator des Reihungsstil-Gedichts. \u00a0Im Alter von 21 Jahren beginnt er, expressionistische Gedichte zu schreiben, die in der Zeitschrift \u00bbDer Sturm\u00ab erscheinen. Als Freiwilliger nimmt er von Beginn an am Ersten Weltkrieg teil und schreibt unter dem Eindruck der Kriegserlebnisse in seinem Gedicht \u00bbAbschied\u00ab die Zeile: \u00bbVielleicht bin ich in dreizehn Tagen tot.\u00ab Noch im September 1914 f\u00e4llt Alfred Lichtenstein an der Westfront.<\/p>\n<p style=\"text-align: justify;\"><strong>Weiterf\u00fchrend \u2192<\/strong>\u00a0Poesie z\u00e4hlt f\u00fcr KUNO weiterhin zu den identit\u00e4ts- und identifikationstiftenden Elementen einer Kultur, dies bezeugte auch der Versuch einer <a href=\"http:\/\/www.editiondaslabor.de\/blog\/?p=25630\">poetologischen Positionsbestimmung<\/a>.<\/p>\n","protected":false},"excerpt":{"rendered":"<p>&nbsp; Ich kann die Augen nicht mehr unterbringen. Ich kann die Knochen nicht zusammenhalten. Das Herz ist stier. Kopf mu\u00df zerspringen. Rings weiche Masse. Nichts will sich gestalten. &nbsp; &nbsp; Die Zunge bricht mir. Und das Maul verbiegt sich. In&hellip;<\/p>\n<p class=\"more-link-p\"><a class=\"more-link\" href=\"http:\/\/www.editiondaslabor.de\/blog\/2005\/09\/25\/nachmittag-felder-und-fabrik\/\">Read more &rarr;<\/a><\/p>\n","protected":false},"author":237,"featured_media":94979,"comment_status":"closed","ping_status":"closed","sticky":false,"template":"","format":"standard","meta":{"footnotes":""},"categories":[1],"tags":[3181],"class_list":["post-95008","post","type-post","status-publish","format-standard","has-post-thumbnail","hentry","category-literatur","tag-alfred-lichtenstein"],"_links":{"self":[{"href":"http:\/\/www.editiondaslabor.de\/blog\/wp-json\/wp\/v2\/posts\/95008","targetHints":{"allow":["GET"]}}],"collection":[{"href":"http:\/\/www.editiondaslabor.de\/blog\/wp-json\/wp\/v2\/posts"}],"about":[{"href":"http:\/\/www.editiondaslabor.de\/blog\/wp-json\/wp\/v2\/types\/post"}],"author":[{"embeddable":true,"href":"http:\/\/www.editiondaslabor.de\/blog\/wp-json\/wp\/v2\/users\/237"}],"replies":[{"embeddable":true,"href":"http:\/\/www.editiondaslabor.de\/blog\/wp-json\/wp\/v2\/comments?post=95008"}],"version-history":[{"count":0,"href":"http:\/\/www.editiondaslabor.de\/blog\/wp-json\/wp\/v2\/posts\/95008\/revisions"}],"wp:featuredmedia":[{"embeddable":true,"href":"http:\/\/www.editiondaslabor.de\/blog\/wp-json\/"}],"wp:attachment":[{"href":"http:\/\/www.editiondaslabor.de\/blog\/wp-json\/wp\/v2\/media?parent=95008"}],"wp:term":[{"taxonomy":"category","embeddable":true,"href":"http:\/\/www.editiondaslabor.de\/blog\/wp-json\/wp\/v2\/categories?post=95008"},{"taxonomy":"post_tag","embeddable":true,"href":"http:\/\/www.editiondaslabor.de\/blog\/wp-json\/wp\/v2\/tags?post=95008"}],"curies":[{"name":"wp","href":"https:\/\/api.w.org\/{rel}","templated":true}]}}