{"id":94989,"date":"2014-09-25T00:01:45","date_gmt":"2014-09-24T22:01:45","guid":{"rendered":"http:\/\/www.editiondaslabor.de\/blog\/?p=94989"},"modified":"2022-03-18T06:29:25","modified_gmt":"2022-03-18T05:29:25","slug":"die-daemmerung","status":"publish","type":"post","link":"http:\/\/www.editiondaslabor.de\/blog\/2014\/09\/25\/die-daemmerung\/","title":{"rendered":"Die D\u00e4mmerung"},"content":{"rendered":"<p>&nbsp;<\/p>\n<p>Ein dicker Junge spielt mit einem Teich.<\/p>\n<p>Der Wind hat sich in einem Baum gefangen.<\/p>\n<p>Der Himmel sieht verbummelt aus und bleich,<\/p>\n<p>Als w\u00e4re ihm die Schminke ausgegangen.<\/p>\n<p>&nbsp;<\/p>\n<p>Auf lange Kr\u00fccken schief herabgeb\u00fcckt<\/p>\n<p>Und schwatzend kriechen auf dem Feld zwei Lahme.<\/p>\n<p>Ein blonder Dichter wird vielleicht verr\u00fcckt.<\/p>\n<p>Ein Pferdchen stolpert \u00fcber eine Dame.<\/p>\n<p>&nbsp;<\/p>\n<p>An einem Fenster klebt ein fetter Mann.<\/p>\n<p>Ein J\u00fcngling will ein weiches Weib besuchen.<\/p>\n<p>Ein grauer Clown zieht sich die Stiefel an.<\/p>\n<p>Ein Kinderwagen schreit und Hunde fluchen.<\/p>\n<p>&nbsp;<\/p>\n<p>&nbsp;<\/p>\n<p>&nbsp;<\/p>\n<p>&nbsp;<\/p>\n<div id=\"attachment_94979\" style=\"width: 187px\" class=\"wp-caption alignleft\"><img loading=\"lazy\" decoding=\"async\" aria-describedby=\"caption-attachment-94979\" class=\"wp-image-94979 size-full\" src=\"http:\/\/www.editiondaslabor.de\/blog\/wp-content\/uploads\/2021\/11\/Lichtenstein.jpg\" alt=\"\" width=\"177\" height=\"216\" srcset=\"http:\/\/www.editiondaslabor.de\/blog\/wp-content\/uploads\/2021\/11\/Lichtenstein.jpg 177w, http:\/\/www.editiondaslabor.de\/blog\/wp-content\/uploads\/2021\/11\/Lichtenstein-160x195.jpg 160w\" sizes=\"auto, (max-width: 177px) 100vw, 177px\" \/><p id=\"caption-attachment-94979\" class=\"wp-caption-text\">Der Dichter Alfred Lichtenstein in Milit\u00e4runiform (1914)<\/p><\/div>\n<p style=\"text-align: justify;\">Alfred Lichtenstein nahm als Freiwilliger von Beginn an am Ersten Weltkrieg teil und schreibt unter dem Eindruck der Kriegserlebnisse in seinem Gedicht \u00bbAbschied\u00ab die Zeile: \u00bbVielleicht bin ich in dreizehn Tagen tot.\u00ab Am 25. September 1914 f\u00e4llt Alfred Lichtenstein an der Westfront.<\/p>\n<p style=\"text-align: justify;\">Dieses Gedicht z\u00e4hlt zu den bekanntesten expressionistischen Gedichten der deutschen Literatur. Es ist zuerst am 18. M\u00e4rz 1911 in der Zeitschrift \u201eDer Sturm\u201c erschienen. Lichtenstein gilt als \u201eVollender und Popularisator des Reihungsstil-Gedichts\u201c, <em>Die D\u00e4mmerung<\/em> ist daf\u00fcr ein gutes Beispiel. Das exemplarische expressionistische Gedicht erinnert an das kurz zuvor entstandene Gedicht \u201e<a href=\"http:\/\/www.editiondaslabor.de\/blog\/2011\/01\/11\/weltende-2\/\">Weltende<\/a>\u201c von Jakob van Hoddis, wobei Lichtenstein \u201ein seinem Gedicht die Reihe der kleinen und gro\u00dfen Katastrophen, die auf das \u201aWeltende\u2018 hindeuten, auf eine Grundbefindlichkeit der expressionistischen Generation kurz vor dem Ersten Weltkrieg zur\u00fcckgef\u00fchrt hat: auf die Erfahrung, in einer verr\u00fcckt gewordenen Welt zu leben\u201c<\/p>\n<p style=\"text-align: justify;\"><strong>Weiterf\u00fchrend \u2192<\/strong>\u00a0Poesie z\u00e4hlt f\u00fcr KUNO weiterhin zu den identit\u00e4ts- und identifikationstiftenden Elementen einer Kultur, dies bezeugte auch der Versuch einer <a href=\"http:\/\/www.editiondaslabor.de\/blog\/?p=25630\">poetologischen Positionsbestimmung<\/a>.<\/p>\n","protected":false},"excerpt":{"rendered":"<p>&nbsp; Ein dicker Junge spielt mit einem Teich. Der Wind hat sich in einem Baum gefangen. Der Himmel sieht verbummelt aus und bleich, Als w\u00e4re ihm die Schminke ausgegangen. &nbsp; Auf lange Kr\u00fccken schief herabgeb\u00fcckt Und schwatzend kriechen auf dem&hellip;<\/p>\n<p class=\"more-link-p\"><a class=\"more-link\" href=\"http:\/\/www.editiondaslabor.de\/blog\/2014\/09\/25\/die-daemmerung\/\">Read more &rarr;<\/a><\/p>\n","protected":false},"author":237,"featured_media":99374,"comment_status":"closed","ping_status":"closed","sticky":false,"template":"","format":"standard","meta":{"footnotes":""},"categories":[1],"tags":[3181],"class_list":["post-94989","post","type-post","status-publish","format-standard","has-post-thumbnail","hentry","category-literatur","tag-alfred-lichtenstein"],"_links":{"self":[{"href":"http:\/\/www.editiondaslabor.de\/blog\/wp-json\/wp\/v2\/posts\/94989","targetHints":{"allow":["GET"]}}],"collection":[{"href":"http:\/\/www.editiondaslabor.de\/blog\/wp-json\/wp\/v2\/posts"}],"about":[{"href":"http:\/\/www.editiondaslabor.de\/blog\/wp-json\/wp\/v2\/types\/post"}],"author":[{"embeddable":true,"href":"http:\/\/www.editiondaslabor.de\/blog\/wp-json\/wp\/v2\/users\/237"}],"replies":[{"embeddable":true,"href":"http:\/\/www.editiondaslabor.de\/blog\/wp-json\/wp\/v2\/comments?post=94989"}],"version-history":[{"count":2,"href":"http:\/\/www.editiondaslabor.de\/blog\/wp-json\/wp\/v2\/posts\/94989\/revisions"}],"predecessor-version":[{"id":102282,"href":"http:\/\/www.editiondaslabor.de\/blog\/wp-json\/wp\/v2\/posts\/94989\/revisions\/102282"}],"wp:featuredmedia":[{"embeddable":true,"href":"http:\/\/www.editiondaslabor.de\/blog\/wp-json\/wp\/v2\/media\/99374"}],"wp:attachment":[{"href":"http:\/\/www.editiondaslabor.de\/blog\/wp-json\/wp\/v2\/media?parent=94989"}],"wp:term":[{"taxonomy":"category","embeddable":true,"href":"http:\/\/www.editiondaslabor.de\/blog\/wp-json\/wp\/v2\/categories?post=94989"},{"taxonomy":"post_tag","embeddable":true,"href":"http:\/\/www.editiondaslabor.de\/blog\/wp-json\/wp\/v2\/tags?post=94989"}],"curies":[{"name":"wp","href":"https:\/\/api.w.org\/{rel}","templated":true}]}}