{"id":94882,"date":"1997-04-08T00:01:35","date_gmt":"1997-04-07T22:01:35","guid":{"rendered":"http:\/\/www.editiondaslabor.de\/blog\/?p=94882"},"modified":"2021-11-08T10:30:27","modified_gmt":"2021-11-08T09:30:27","slug":"alter-gottzweifel","status":"publish","type":"post","link":"http:\/\/www.editiondaslabor.de\/blog\/1997\/04\/08\/alter-gottzweifel\/","title":{"rendered":"Alter Gottzweifel"},"content":{"rendered":"<p>&nbsp;<\/p>\n<p>&nbsp;<\/p>\n<p>&nbsp;<\/p>\n<p>Sein Ohr ist gro\u00df<\/p>\n<p>und sehr behaart:<\/p>\n<p>es filtert au\u00dfen, innen.<\/p>\n<p>&nbsp;<\/p>\n<p>Zuerst den Schmutz<\/p>\n<p>und dann den Ton \u2013<\/p>\n<p>es ist bejahrt, von Sinnen.<\/p>\n<p>&nbsp;<\/p>\n<p>Ich steh davor,<\/p>\n<p>im Hals den Klo\u00df<\/p>\n<p>und schon verwahrt<\/p>\n<p>im Linnen:<\/p>\n<p>&nbsp;<\/p>\n<p>Mein Halt ist Trutz,<\/p>\n<p>ich sing den Part:<\/p>\n<p>\u201eBin unerstarrt<\/p>\n<p>schon d r i n n e n !\u201c<\/p>\n<p>&nbsp;<\/p>\n<p>Wie milder Schutz!<\/p>\n<p>Ein All liegt blo\u00df!<\/p>\n<p>Mein Alles aber offen \u2013<\/p>\n<p>&nbsp;<\/p>\n<p>Solang Gesicht<\/p>\n<p>scheint mir der Sto\u00df<\/p>\n<p>ins Nichts des Falles<\/p>\n<p>unbetroffen &#8211;<\/p>\n<h4><\/h4>\n<p>&nbsp;<\/p>\n<div id=\"attachment_19507\" style=\"width: 309px\" class=\"wp-caption alignleft\"><img loading=\"lazy\" decoding=\"async\" aria-describedby=\"caption-attachment-19507\" class=\"size-full wp-image-19507\" src=\"http:\/\/www.editiondaslabor.de\/blog\/wp-content\/uploads\/2014\/02\/Angelika-Janz.jpg\" alt=\"\" width=\"299\" height=\"253\" \/><p id=\"caption-attachment-19507\" class=\"wp-caption-text\">Angelika Janz<\/p><\/div>\n<p><strong>Weiterf\u00fchrend\u00a0\u2192\u00a0<\/strong><\/p>\n<p style=\"text-align: justify;\">Lesen Sie auch das <a href=\"http:\/\/www.editiondaslabor.de\/blog\/?p=36409\">Kollegengespr\u00e4ch<\/a>, das A.J. Weigoni mit Angelika Janz \u00fcber den Zyklus <em>fern, fern<\/em> gef\u00fchrt hat. Vertiefend ein <a href=\"http:\/\/www.editiondaslabor.de\/blog\/?p=22835\">Portr\u00e4t <\/a>\u00fcber ihre interdisziplin\u00e4re T\u00e4tigkeit, sowie einen <a href=\"http:\/\/www.editiondaslabor.de\/blog\/?p=29450\">Essay<\/a> der <em>Fragmenttexterin<\/em>. Ebenfalls im KUNO-Archiv: Jan Kuhlbrodt mit einer <a href=\"http:\/\/www.editiondaslabor.de\/blog\/2012\/11\/05\/asthetische-prothetik\/\">Ann\u00e4herung<\/a> an die visuellen Arbeiten von Angelika Janz. Und nicht zuletzt, Michael Gratz \u00fcber Angelika Janz\u2018<a href=\"http:\/\/www.editiondaslabor.de\/blog\/2012\/11\/05\/freiraum\/\"> tEXt bILd<\/a><\/p>\n","protected":false},"excerpt":{"rendered":"<p>&nbsp; &nbsp; &nbsp; Sein Ohr ist gro\u00df und sehr behaart: es filtert au\u00dfen, innen. &nbsp; Zuerst den Schmutz und dann den Ton \u2013 es ist bejahrt, von Sinnen. &nbsp; Ich steh davor, im Hals den Klo\u00df und schon verwahrt im&hellip;<\/p>\n<p class=\"more-link-p\"><a class=\"more-link\" href=\"http:\/\/www.editiondaslabor.de\/blog\/1997\/04\/08\/alter-gottzweifel\/\">Read more &rarr;<\/a><\/p>\n","protected":false},"author":53,"featured_media":19507,"comment_status":"closed","ping_status":"closed","sticky":false,"template":"","format":"standard","meta":{"footnotes":""},"categories":[1],"tags":[918],"class_list":["post-94882","post","type-post","status-publish","format-standard","has-post-thumbnail","hentry","category-literatur","tag-angelika-janz"],"_links":{"self":[{"href":"http:\/\/www.editiondaslabor.de\/blog\/wp-json\/wp\/v2\/posts\/94882","targetHints":{"allow":["GET"]}}],"collection":[{"href":"http:\/\/www.editiondaslabor.de\/blog\/wp-json\/wp\/v2\/posts"}],"about":[{"href":"http:\/\/www.editiondaslabor.de\/blog\/wp-json\/wp\/v2\/types\/post"}],"author":[{"embeddable":true,"href":"http:\/\/www.editiondaslabor.de\/blog\/wp-json\/wp\/v2\/users\/53"}],"replies":[{"embeddable":true,"href":"http:\/\/www.editiondaslabor.de\/blog\/wp-json\/wp\/v2\/comments?post=94882"}],"version-history":[{"count":0,"href":"http:\/\/www.editiondaslabor.de\/blog\/wp-json\/wp\/v2\/posts\/94882\/revisions"}],"wp:featuredmedia":[{"embeddable":true,"href":"http:\/\/www.editiondaslabor.de\/blog\/wp-json\/"}],"wp:attachment":[{"href":"http:\/\/www.editiondaslabor.de\/blog\/wp-json\/wp\/v2\/media?parent=94882"}],"wp:term":[{"taxonomy":"category","embeddable":true,"href":"http:\/\/www.editiondaslabor.de\/blog\/wp-json\/wp\/v2\/categories?post=94882"},{"taxonomy":"post_tag","embeddable":true,"href":"http:\/\/www.editiondaslabor.de\/blog\/wp-json\/wp\/v2\/tags?post=94882"}],"curies":[{"name":"wp","href":"https:\/\/api.w.org\/{rel}","templated":true}]}}