{"id":94860,"date":"2005-06-13T00:01:19","date_gmt":"2005-06-12T22:01:19","guid":{"rendered":"http:\/\/www.editiondaslabor.de\/blog\/?p=94860"},"modified":"2021-11-09T10:08:55","modified_gmt":"2021-11-09T09:08:55","slug":"nostalgisches-problem-2","status":"publish","type":"post","link":"http:\/\/www.editiondaslabor.de\/blog\/2005\/06\/13\/nostalgisches-problem-2\/","title":{"rendered":"Nostalgisches Problem"},"content":{"rendered":"<p>&nbsp;<\/p>\n<p>&nbsp;<\/p>\n<p>vom monstrum produktionsger\u00e4t<\/p>\n<p>verdr\u00e4ngt<\/p>\n<p>&nbsp;<\/p>\n<p>schreibst du,<\/p>\n<p>wenn schwarzes gegen schwarz gedruckt<\/p>\n<p>dein wort nicht gegen wei\u00dfes<\/p>\n<p>schlagen kann.<\/p>\n<p>&nbsp;<\/p>\n<p>wie schreiben neben der maschine,<\/p>\n<p>ein arg elektrisch ding<\/p>\n<p>ohne sein tiefgeschw\u00e4rztes band<\/p>\n<p>das dich mit aller welt verbindet?<\/p>\n<p>&nbsp;<\/p>\n<p>wie schreiben, schicken, was beschickt ist<\/p>\n<p>und einst verschickt sein will,<\/p>\n<p>da jenes schwarze band<\/p>\n<p>um mitternacht nicht k\u00e4uflich ist?<\/p>\n<p>&nbsp;<\/p>\n<p>(Wie jetzt noch<\/p>\n<p>verungl\u00fccken?)<\/p>\n<p>&nbsp;<\/p>\n<p>&nbsp;<\/p>\n<p>&nbsp;<\/p>\n<div dir=\"auto\">\n<p>&nbsp;<\/p>\n<div id=\"attachment_19507\" style=\"width: 309px\" class=\"wp-caption alignleft\"><img loading=\"lazy\" decoding=\"async\" aria-describedby=\"caption-attachment-19507\" class=\"size-full wp-image-19507\" src=\"http:\/\/www.editiondaslabor.de\/blog\/wp-content\/uploads\/2014\/02\/Angelika-Janz.jpg\" alt=\"\" width=\"299\" height=\"253\" \/><p id=\"caption-attachment-19507\" class=\"wp-caption-text\">Angelika Janz<\/p><\/div>\n<p><strong>Weiterf\u00fchrend\u00a0\u2192\u00a0<\/strong><\/p>\n<p style=\"text-align: justify;\">Lesen Sie auch das <a href=\"http:\/\/www.editiondaslabor.de\/blog\/?p=36409\">Kollegengespr\u00e4ch<\/a>, das A.J. Weigoni mit Angelika Janz \u00fcber den Zyklus <em>fern, fern<\/em> gef\u00fchrt hat. Vertiefend ein <a href=\"http:\/\/www.editiondaslabor.de\/blog\/?p=22835\">Portr\u00e4t <\/a>\u00fcber ihre interdisziplin\u00e4re T\u00e4tigkeit, sowie einen <a href=\"http:\/\/www.editiondaslabor.de\/blog\/?p=29450\">Essay<\/a> der <em>Fragmenttexterin<\/em>. Ebenfalls im KUNO-Archiv: Jan Kuhlbrodt mit einer <a href=\"http:\/\/www.editiondaslabor.de\/blog\/2012\/11\/05\/asthetische-prothetik\/\">Ann\u00e4herung<\/a> an die visuellen Arbeiten von Angelika Janz. Und nicht zuletzt, Michael Gratz \u00fcber Angelika Janz\u2018<a href=\"http:\/\/www.editiondaslabor.de\/blog\/2012\/11\/05\/freiraum\/\"> tEXt bILd<\/a><\/p>\n<\/div>\n","protected":false},"excerpt":{"rendered":"<p>&nbsp; &nbsp; vom monstrum produktionsger\u00e4t verdr\u00e4ngt &nbsp; schreibst du, wenn schwarzes gegen schwarz gedruckt dein wort nicht gegen wei\u00dfes schlagen kann. &nbsp; wie schreiben neben der maschine, ein arg elektrisch ding ohne sein tiefgeschw\u00e4rztes band das dich mit aller welt&hellip;<\/p>\n<p class=\"more-link-p\"><a class=\"more-link\" href=\"http:\/\/www.editiondaslabor.de\/blog\/2005\/06\/13\/nostalgisches-problem-2\/\">Read more &rarr;<\/a><\/p>\n","protected":false},"author":53,"featured_media":19507,"comment_status":"closed","ping_status":"closed","sticky":false,"template":"","format":"standard","meta":{"footnotes":""},"categories":[1],"tags":[918],"class_list":["post-94860","post","type-post","status-publish","format-standard","has-post-thumbnail","hentry","category-literatur","tag-angelika-janz"],"_links":{"self":[{"href":"http:\/\/www.editiondaslabor.de\/blog\/wp-json\/wp\/v2\/posts\/94860","targetHints":{"allow":["GET"]}}],"collection":[{"href":"http:\/\/www.editiondaslabor.de\/blog\/wp-json\/wp\/v2\/posts"}],"about":[{"href":"http:\/\/www.editiondaslabor.de\/blog\/wp-json\/wp\/v2\/types\/post"}],"author":[{"embeddable":true,"href":"http:\/\/www.editiondaslabor.de\/blog\/wp-json\/wp\/v2\/users\/53"}],"replies":[{"embeddable":true,"href":"http:\/\/www.editiondaslabor.de\/blog\/wp-json\/wp\/v2\/comments?post=94860"}],"version-history":[{"count":0,"href":"http:\/\/www.editiondaslabor.de\/blog\/wp-json\/wp\/v2\/posts\/94860\/revisions"}],"wp:featuredmedia":[{"embeddable":true,"href":"http:\/\/www.editiondaslabor.de\/blog\/wp-json\/"}],"wp:attachment":[{"href":"http:\/\/www.editiondaslabor.de\/blog\/wp-json\/wp\/v2\/media?parent=94860"}],"wp:term":[{"taxonomy":"category","embeddable":true,"href":"http:\/\/www.editiondaslabor.de\/blog\/wp-json\/wp\/v2\/categories?post=94860"},{"taxonomy":"post_tag","embeddable":true,"href":"http:\/\/www.editiondaslabor.de\/blog\/wp-json\/wp\/v2\/tags?post=94860"}],"curies":[{"name":"wp","href":"https:\/\/api.w.org\/{rel}","templated":true}]}}