{"id":94844,"date":"1995-07-05T00:01:24","date_gmt":"1995-07-04T22:01:24","guid":{"rendered":"http:\/\/www.editiondaslabor.de\/blog\/?p=94844"},"modified":"2021-11-08T07:09:23","modified_gmt":"2021-11-08T06:09:23","slug":"wenn-du","status":"publish","type":"post","link":"http:\/\/www.editiondaslabor.de\/blog\/1995\/07\/05\/wenn-du\/","title":{"rendered":"Wenn du"},"content":{"rendered":"<p>&nbsp;<\/p>\n<p>&nbsp;<\/p>\n<p>Wenn du irgendwo unsichtbar<\/p>\n<p>versteckt dir im Traum etwas zurufst,<\/p>\n<p>zurufst etwas,<\/p>\n<p>das du lange vergessen hast<\/p>\n<p>und bittest dich<\/p>\n<p>wenn du sp\u00e4ter sichtbar versteckt<\/p>\n<p>entdeckt wirst dar\u00fcber<\/p>\n<p>zu schweigen.<\/p>\n<p>&nbsp;<\/p>\n<p>&nbsp;<\/p>\n<p>&nbsp;<\/p>\n<div id=\"attachment_19507\" style=\"width: 309px\" class=\"wp-caption alignleft\"><img loading=\"lazy\" decoding=\"async\" aria-describedby=\"caption-attachment-19507\" class=\"size-full wp-image-19507\" src=\"http:\/\/www.editiondaslabor.de\/blog\/wp-content\/uploads\/2014\/02\/Angelika-Janz.jpg\" alt=\"\" width=\"299\" height=\"253\" \/><p id=\"caption-attachment-19507\" class=\"wp-caption-text\">Angelika Janz<\/p><\/div>\n<p><strong>Weiterf\u00fchrend\u00a0\u2192 <\/strong><\/p>\n<p style=\"text-align: justify;\">Lesen Sie auch das <a href=\"http:\/\/www.editiondaslabor.de\/blog\/?p=36409\">Kollegengespr\u00e4ch<\/a>, das A.J. Weigoni mit Angelika Janz \u00fcber den Zyklus <em>fern, fern<\/em> gef\u00fchrt hat. Vertiefend ein <a href=\"http:\/\/www.editiondaslabor.de\/blog\/?p=22835\">Portr\u00e4t <\/a>\u00fcber ihre interdisziplin\u00e4re T\u00e4tigkeit, sowie einen <a href=\"http:\/\/www.editiondaslabor.de\/blog\/?p=29450\">Essay<\/a> der <em>Fragmenttexterin<\/em>. Ebenfalls im KUNO-Archiv: Jan Kuhlbrodt mit einer <a href=\"http:\/\/www.editiondaslabor.de\/blog\/2012\/11\/05\/asthetische-prothetik\/\">Ann\u00e4herung<\/a> an die visuellen Arbeiten von Angelika Janz. Und nicht zuletzt, Michael Gratz \u00fcber Angelika Janz\u2018<a href=\"http:\/\/www.editiondaslabor.de\/blog\/2012\/11\/05\/freiraum\/\"> tEXt bILd<\/a><\/p>\n","protected":false},"excerpt":{"rendered":"<p>&nbsp; &nbsp; Wenn du irgendwo unsichtbar versteckt dir im Traum etwas zurufst, zurufst etwas, das du lange vergessen hast und bittest dich wenn du sp\u00e4ter sichtbar versteckt entdeckt wirst dar\u00fcber zu schweigen. &nbsp; &nbsp; &nbsp; Weiterf\u00fchrend\u00a0\u2192 Lesen Sie auch das&hellip;<\/p>\n<p class=\"more-link-p\"><a class=\"more-link\" href=\"http:\/\/www.editiondaslabor.de\/blog\/1995\/07\/05\/wenn-du\/\">Read more &rarr;<\/a><\/p>\n","protected":false},"author":53,"featured_media":19507,"comment_status":"closed","ping_status":"closed","sticky":false,"template":"","format":"standard","meta":{"footnotes":""},"categories":[1],"tags":[918],"class_list":["post-94844","post","type-post","status-publish","format-standard","has-post-thumbnail","hentry","category-literatur","tag-angelika-janz"],"_links":{"self":[{"href":"http:\/\/www.editiondaslabor.de\/blog\/wp-json\/wp\/v2\/posts\/94844","targetHints":{"allow":["GET"]}}],"collection":[{"href":"http:\/\/www.editiondaslabor.de\/blog\/wp-json\/wp\/v2\/posts"}],"about":[{"href":"http:\/\/www.editiondaslabor.de\/blog\/wp-json\/wp\/v2\/types\/post"}],"author":[{"embeddable":true,"href":"http:\/\/www.editiondaslabor.de\/blog\/wp-json\/wp\/v2\/users\/53"}],"replies":[{"embeddable":true,"href":"http:\/\/www.editiondaslabor.de\/blog\/wp-json\/wp\/v2\/comments?post=94844"}],"version-history":[{"count":0,"href":"http:\/\/www.editiondaslabor.de\/blog\/wp-json\/wp\/v2\/posts\/94844\/revisions"}],"wp:featuredmedia":[{"embeddable":true,"href":"http:\/\/www.editiondaslabor.de\/blog\/wp-json\/"}],"wp:attachment":[{"href":"http:\/\/www.editiondaslabor.de\/blog\/wp-json\/wp\/v2\/media?parent=94844"}],"wp:term":[{"taxonomy":"category","embeddable":true,"href":"http:\/\/www.editiondaslabor.de\/blog\/wp-json\/wp\/v2\/categories?post=94844"},{"taxonomy":"post_tag","embeddable":true,"href":"http:\/\/www.editiondaslabor.de\/blog\/wp-json\/wp\/v2\/tags?post=94844"}],"curies":[{"name":"wp","href":"https:\/\/api.w.org\/{rel}","templated":true}]}}