{"id":94356,"date":"1994-10-30T00:01:00","date_gmt":"1994-10-29T23:01:00","guid":{"rendered":"http:\/\/www.editiondaslabor.de\/blog\/?p=94356"},"modified":"2024-02-21T18:46:20","modified_gmt":"2024-02-21T17:46:20","slug":"das-hat","status":"publish","type":"post","link":"http:\/\/www.editiondaslabor.de\/blog\/1994\/10\/30\/das-hat\/","title":{"rendered":"Das hat"},"content":{"rendered":"<p>&nbsp;<\/p>\n<p>&nbsp;<\/p>\n<p>Offenes,<\/p>\n<p>Ausgeblasenes,<\/p>\n<p>Angedacht Leeres,<\/p>\n<p>zur\u00fcckhaltend ausgeatmet.<\/p>\n<p>&nbsp;<\/p>\n<p>Kurz vor.<\/p>\n<p>Wenig daneben.<\/p>\n<p>Gerade zu sp\u00e4t.<\/p>\n<p>Eben danach.<\/p>\n<p>&nbsp;<\/p>\n<p>Zumachen.<\/p>\n<p>Andenken.<\/p>\n<p>Vorgedauert kl\u00e4ren.<\/p>\n<p>&nbsp;<\/p>\n<p>Du: SchmuckGepaltenes!<\/p>\n<p>Ein. Aus.<\/p>\n<p>&nbsp;<\/p>\n<p>&nbsp;<\/p>\n<p>&nbsp;<\/p>\n<div id=\"attachment_19507\" class=\"wp-caption alignleft\" style=\"text-align: justify;\">\n<p><img loading=\"lazy\" decoding=\"async\" class=\"size-full wp-image-19507\" src=\"http:\/\/www.editiondaslabor.de\/blog\/wp-content\/uploads\/2014\/02\/Angelika-Janz.jpg\" alt=\"\" width=\"299\" height=\"253\" aria-describedby=\"caption-attachment-19507\" \/><\/p>\n<p id=\"caption-attachment-19507\" class=\"wp-caption-text\">Angelika Janz<\/p>\n<\/div>\n<p style=\"text-align: justify;\"><strong>Weiterf\u00fchrend\u00a0\u2192\u00a0<\/strong><\/p>\n<p style=\"text-align: justify;\">Lesen Sie auch das <a href=\"http:\/\/www.editiondaslabor.de\/blog\/?p=36409\">Kollegengespr\u00e4ch<\/a>, das A.J. Weigoni mit Angelika Janz \u00fcber den Zyklus <em>fern, fern<\/em> gef\u00fchrt hat. Vertiefend ein <a href=\"http:\/\/www.editiondaslabor.de\/blog\/?p=22835\">Portr\u00e4t <\/a>\u00fcber ihre interdisziplin\u00e4re T\u00e4tigkeit, sowie einen <a href=\"http:\/\/www.editiondaslabor.de\/blog\/?p=29450\">Essay<\/a> der <em>Fragmenttexterin<\/em>. Ebenfalls im KUNO-Archiv: Jan Kuhlbrodt mit einer <a href=\"http:\/\/www.editiondaslabor.de\/blog\/2012\/11\/05\/asthetische-prothetik\/\">Ann\u00e4herung<\/a> an die visuellen Arbeiten von Angelika Janz. Und nicht zuletzt, Michael Gratz \u00fcber Angelika Janz\u2018<a href=\"http:\/\/www.editiondaslabor.de\/blog\/2012\/11\/05\/freiraum\/\"> tEXt bILd<\/a><\/p>\n","protected":false},"excerpt":{"rendered":"<p>&nbsp; &nbsp; Offenes, Ausgeblasenes, Angedacht Leeres, zur\u00fcckhaltend ausgeatmet. &nbsp; Kurz vor. Wenig daneben. Gerade zu sp\u00e4t. Eben danach. &nbsp; Zumachen. Andenken. Vorgedauert kl\u00e4ren. &nbsp; Du: SchmuckGepaltenes! Ein. Aus. &nbsp; &nbsp; &nbsp; Angelika Janz Weiterf\u00fchrend\u00a0\u2192\u00a0 Lesen Sie auch das Kollegengespr\u00e4ch, das&hellip;<\/p>\n<p class=\"more-link-p\"><a class=\"more-link\" href=\"http:\/\/www.editiondaslabor.de\/blog\/1994\/10\/30\/das-hat\/\">Read more &rarr;<\/a><\/p>\n","protected":false},"author":53,"featured_media":19507,"comment_status":"closed","ping_status":"closed","sticky":false,"template":"","format":"standard","meta":{"footnotes":""},"categories":[1],"tags":[918],"class_list":["post-94356","post","type-post","status-publish","format-standard","has-post-thumbnail","hentry","category-literatur","tag-angelika-janz"],"_links":{"self":[{"href":"http:\/\/www.editiondaslabor.de\/blog\/wp-json\/wp\/v2\/posts\/94356","targetHints":{"allow":["GET"]}}],"collection":[{"href":"http:\/\/www.editiondaslabor.de\/blog\/wp-json\/wp\/v2\/posts"}],"about":[{"href":"http:\/\/www.editiondaslabor.de\/blog\/wp-json\/wp\/v2\/types\/post"}],"author":[{"embeddable":true,"href":"http:\/\/www.editiondaslabor.de\/blog\/wp-json\/wp\/v2\/users\/53"}],"replies":[{"embeddable":true,"href":"http:\/\/www.editiondaslabor.de\/blog\/wp-json\/wp\/v2\/comments?post=94356"}],"version-history":[{"count":1,"href":"http:\/\/www.editiondaslabor.de\/blog\/wp-json\/wp\/v2\/posts\/94356\/revisions"}],"predecessor-version":[{"id":105292,"href":"http:\/\/www.editiondaslabor.de\/blog\/wp-json\/wp\/v2\/posts\/94356\/revisions\/105292"}],"wp:featuredmedia":[{"embeddable":true,"href":"http:\/\/www.editiondaslabor.de\/blog\/wp-json\/"}],"wp:attachment":[{"href":"http:\/\/www.editiondaslabor.de\/blog\/wp-json\/wp\/v2\/media?parent=94356"}],"wp:term":[{"taxonomy":"category","embeddable":true,"href":"http:\/\/www.editiondaslabor.de\/blog\/wp-json\/wp\/v2\/categories?post=94356"},{"taxonomy":"post_tag","embeddable":true,"href":"http:\/\/www.editiondaslabor.de\/blog\/wp-json\/wp\/v2\/tags?post=94356"}],"curies":[{"name":"wp","href":"https:\/\/api.w.org\/{rel}","templated":true}]}}