{"id":94345,"date":"1995-07-25T00:01:06","date_gmt":"1995-07-24T22:01:06","guid":{"rendered":"http:\/\/www.editiondaslabor.de\/blog\/?p=94345"},"modified":"2022-04-05T12:52:57","modified_gmt":"2022-04-05T10:52:57","slug":"sonnenfinsternis","status":"publish","type":"post","link":"http:\/\/www.editiondaslabor.de\/blog\/1995\/07\/25\/sonnenfinsternis\/","title":{"rendered":"SonnenFinsternis"},"content":{"rendered":"<p>&nbsp;<\/p>\n<p>&nbsp;<\/p>\n<p>Sie halten schwarze Gl\u00e4ser<\/p>\n<p>gegens Licht<\/p>\n<p>und meinen sie k\u00f6nnten damit<\/p>\n<p>des Gestirns Umnachtung<\/p>\n<p>begreifen.<\/p>\n<p>Sie stehen<\/p>\n<p>und blicken<\/p>\n<p>von unten<\/p>\n<p>nach oben<\/p>\n<p>&nbsp;<\/p>\n<p>&nbsp;<\/p>\n<p>&nbsp;<\/p>\n<p>&nbsp;<\/p>\n<p>&nbsp;<\/p>\n<p style=\"text-align: justify;\"><strong><img loading=\"lazy\" decoding=\"async\" class=\"alignleft size-full wp-image-97863\" src=\"http:\/\/www.editiondaslabor.de\/blog\/wp-content\/uploads\/2022\/01\/Angelika-Janz.jpg\" alt=\"\" width=\"299\" height=\"253\" srcset=\"http:\/\/www.editiondaslabor.de\/blog\/wp-content\/uploads\/2022\/01\/Angelika-Janz.jpg 299w, http:\/\/www.editiondaslabor.de\/blog\/wp-content\/uploads\/2022\/01\/Angelika-Janz-160x135.jpg 160w\" sizes=\"auto, (max-width: 299px) 100vw, 299px\" \/>Weiterf\u00fchrend\u00a0\u2192\u00a0<\/strong><\/p>\n<p style=\"text-align: justify;\">Lesen Sie auch das <a href=\"http:\/\/www.editiondaslabor.de\/blog\/?p=36409\">Kollegengespr\u00e4ch<\/a>, das A.J. Weigoni mit Angelika Janz \u00fcber den Zyklus <em>fern, fern<\/em> gef\u00fchrt hat. Vertiefend ein <a href=\"http:\/\/www.editiondaslabor.de\/blog\/?p=22835\">Portr\u00e4t <\/a>\u00fcber ihre interdisziplin\u00e4re T\u00e4tigkeit, sowie einen <a href=\"http:\/\/www.editiondaslabor.de\/blog\/?p=29450\">Essay<\/a> der <em>Fragmenttexterin<\/em>. Ebenfalls im KUNO-Archiv: Jan Kuhlbrodt mit einer <a href=\"http:\/\/www.editiondaslabor.de\/blog\/2012\/11\/05\/asthetische-prothetik\/\">Ann\u00e4herung<\/a> an die visuellen Arbeiten von Angelika Janz. Und nicht zuletzt, Michael Gratz \u00fcber Angelika Janz\u2018<a href=\"http:\/\/www.editiondaslabor.de\/blog\/2012\/11\/05\/freiraum\/\"> tEXt bILd<\/a><\/p>\n","protected":false},"excerpt":{"rendered":"<p>&nbsp; &nbsp; Sie halten schwarze Gl\u00e4ser gegens Licht und meinen sie k\u00f6nnten damit des Gestirns Umnachtung begreifen. Sie stehen und blicken von unten nach oben &nbsp; &nbsp; &nbsp; &nbsp; &nbsp; Weiterf\u00fchrend\u00a0\u2192\u00a0 Lesen Sie auch das Kollegengespr\u00e4ch, das A.J. Weigoni mit&hellip;<\/p>\n<p class=\"more-link-p\"><a class=\"more-link\" href=\"http:\/\/www.editiondaslabor.de\/blog\/1995\/07\/25\/sonnenfinsternis\/\">Read more &rarr;<\/a><\/p>\n","protected":false},"author":53,"featured_media":97863,"comment_status":"closed","ping_status":"closed","sticky":false,"template":"","format":"standard","meta":{"footnotes":""},"categories":[1],"tags":[918],"class_list":["post-94345","post","type-post","status-publish","format-standard","has-post-thumbnail","hentry","category-literatur","tag-angelika-janz"],"_links":{"self":[{"href":"http:\/\/www.editiondaslabor.de\/blog\/wp-json\/wp\/v2\/posts\/94345","targetHints":{"allow":["GET"]}}],"collection":[{"href":"http:\/\/www.editiondaslabor.de\/blog\/wp-json\/wp\/v2\/posts"}],"about":[{"href":"http:\/\/www.editiondaslabor.de\/blog\/wp-json\/wp\/v2\/types\/post"}],"author":[{"embeddable":true,"href":"http:\/\/www.editiondaslabor.de\/blog\/wp-json\/wp\/v2\/users\/53"}],"replies":[{"embeddable":true,"href":"http:\/\/www.editiondaslabor.de\/blog\/wp-json\/wp\/v2\/comments?post=94345"}],"version-history":[{"count":1,"href":"http:\/\/www.editiondaslabor.de\/blog\/wp-json\/wp\/v2\/posts\/94345\/revisions"}],"predecessor-version":[{"id":102584,"href":"http:\/\/www.editiondaslabor.de\/blog\/wp-json\/wp\/v2\/posts\/94345\/revisions\/102584"}],"wp:featuredmedia":[{"embeddable":true,"href":"http:\/\/www.editiondaslabor.de\/blog\/wp-json\/wp\/v2\/media\/97863"}],"wp:attachment":[{"href":"http:\/\/www.editiondaslabor.de\/blog\/wp-json\/wp\/v2\/media?parent=94345"}],"wp:term":[{"taxonomy":"category","embeddable":true,"href":"http:\/\/www.editiondaslabor.de\/blog\/wp-json\/wp\/v2\/categories?post=94345"},{"taxonomy":"post_tag","embeddable":true,"href":"http:\/\/www.editiondaslabor.de\/blog\/wp-json\/wp\/v2\/tags?post=94345"}],"curies":[{"name":"wp","href":"https:\/\/api.w.org\/{rel}","templated":true}]}}