{"id":94164,"date":"2006-07-08T00:01:52","date_gmt":"2006-07-07T22:01:52","guid":{"rendered":"http:\/\/www.editiondaslabor.de\/blog\/?p=94164"},"modified":"2023-10-08T14:26:07","modified_gmt":"2023-10-08T12:26:07","slug":"einen-ort-fixieren","status":"publish","type":"post","link":"http:\/\/www.editiondaslabor.de\/blog\/2006\/07\/08\/einen-ort-fixieren\/","title":{"rendered":"Einen Ort fixieren"},"content":{"rendered":"<p>&nbsp;<\/p>\n<div>\n<div class=\"\" dir=\"auto\">\n<div id=\"jsc_c_41e\" class=\"ecm0bbzt hv4rvrfc e5nlhep0 dati1w0a\" data-ad-comet-preview=\"message\" data-ad-preview=\"message\">\n<div class=\"j83agx80 cbu4d94t ew0dbk1b irj2b8pg\">\n<div class=\"qzhwtbm6 knvmm38d\">\n<div class=\"o9v6fnle cxmmr5t8 oygrvhab hcukyx3x c1et5uql ii04i59q\">\n<div dir=\"auto\">\n<div>\n<div class=\"\" dir=\"auto\">\n<div id=\"jsc_c_6gb\" class=\"ecm0bbzt hv4rvrfc e5nlhep0 dati1w0a\" data-ad-comet-preview=\"message\" data-ad-preview=\"message\">\n<div class=\"j83agx80 cbu4d94t ew0dbk1b irj2b8pg\">\n<div class=\"qzhwtbm6 knvmm38d\">\n<div class=\"kvgmc6g5 cxmmr5t8 oygrvhab hcukyx3x c1et5uql ii04i59q\">\n<div dir=\"auto\" style=\"text-align: justify;\">Das Einfache zum Beispiel, eine Ebene mit dem Beweggrund unter den F\u00fc\u00dfen. Einen Ort fixieren, aus gegenw\u00e4rtiger Sicht beim Stehen. Dass sich das Land f\u00fcr dich dreht, beim Geradeausgehen dreht, dass der Ort ein Trugort war, der Ausgangsort.<\/div>\n<div dir=\"auto\"><\/div>\n<\/div>\n<\/div>\n<\/div>\n<\/div>\n<\/div>\n<\/div>\n<\/div>\n<p>&nbsp;<\/p>\n<\/div>\n<\/div>\n<\/div>\n<div dir=\"auto\"><\/div>\n<\/div>\n<\/div>\n<\/div>\n<p><strong><img loading=\"lazy\" decoding=\"async\" class=\"alignleft size-full wp-image-53657\" src=\"http:\/\/www.editiondaslabor.de\/blog\/wp-content\/uploads\/2019\/01\/Janz-e1548394568431.jpeg\" alt=\"\" width=\"200\" height=\"150\" \/>Weiterf\u00fchrend\u00a0\u2192\u00a0<\/strong><\/p>\n<p style=\"text-align: justify;\">Lesen Sie auch das <a href=\"http:\/\/www.editiondaslabor.de\/blog\/?p=36409\">Kollegengespr\u00e4ch<\/a>, das A.J. Weigoni mit Angelika Janz \u00fcber den Zyklus <em>fern, fern<\/em> gef\u00fchrt hat. Vertiefend ein <a href=\"http:\/\/www.editiondaslabor.de\/blog\/?p=22835\">Portr\u00e4t <\/a>\u00fcber ihre interdisziplin\u00e4re T\u00e4tigkeit, sowie einen <a href=\"http:\/\/www.editiondaslabor.de\/blog\/?p=29450\">Essay<\/a> der <em>Fragmenttexterin<\/em>. Ebenfalls im KUNO-Archiv: Jan Kuhlbrodt mit einer <a href=\"http:\/\/www.editiondaslabor.de\/blog\/2012\/11\/05\/asthetische-prothetik\/\">Ann\u00e4herung<\/a> an die visuellen Arbeiten von Angelika Janz. Und nicht zuletzt, Michael Gratz \u00fcber Angelika Janz\u2018<a href=\"http:\/\/www.editiondaslabor.de\/blog\/2012\/11\/05\/freiraum\/\"> tEXt bILd<\/a><\/p>\n","protected":false},"excerpt":{"rendered":"<p>&nbsp; Das Einfache zum Beispiel, eine Ebene mit dem Beweggrund unter den F\u00fc\u00dfen. Einen Ort fixieren, aus gegenw\u00e4rtiger Sicht beim Stehen. Dass sich das Land f\u00fcr dich dreht, beim Geradeausgehen dreht, dass der Ort ein Trugort war, der Ausgangsort. &nbsp;&hellip;<\/p>\n<p class=\"more-link-p\"><a class=\"more-link\" href=\"http:\/\/www.editiondaslabor.de\/blog\/2006\/07\/08\/einen-ort-fixieren\/\">Read more &rarr;<\/a><\/p>\n","protected":false},"author":53,"featured_media":99499,"comment_status":"closed","ping_status":"closed","sticky":false,"template":"","format":"standard","meta":{"footnotes":""},"categories":[1],"tags":[918],"class_list":["post-94164","post","type-post","status-publish","format-standard","has-post-thumbnail","hentry","category-literatur","tag-angelika-janz"],"_links":{"self":[{"href":"http:\/\/www.editiondaslabor.de\/blog\/wp-json\/wp\/v2\/posts\/94164","targetHints":{"allow":["GET"]}}],"collection":[{"href":"http:\/\/www.editiondaslabor.de\/blog\/wp-json\/wp\/v2\/posts"}],"about":[{"href":"http:\/\/www.editiondaslabor.de\/blog\/wp-json\/wp\/v2\/types\/post"}],"author":[{"embeddable":true,"href":"http:\/\/www.editiondaslabor.de\/blog\/wp-json\/wp\/v2\/users\/53"}],"replies":[{"embeddable":true,"href":"http:\/\/www.editiondaslabor.de\/blog\/wp-json\/wp\/v2\/comments?post=94164"}],"version-history":[{"count":1,"href":"http:\/\/www.editiondaslabor.de\/blog\/wp-json\/wp\/v2\/posts\/94164\/revisions"}],"predecessor-version":[{"id":99500,"href":"http:\/\/www.editiondaslabor.de\/blog\/wp-json\/wp\/v2\/posts\/94164\/revisions\/99500"}],"wp:featuredmedia":[{"embeddable":true,"href":"http:\/\/www.editiondaslabor.de\/blog\/wp-json\/wp\/v2\/media\/99499"}],"wp:attachment":[{"href":"http:\/\/www.editiondaslabor.de\/blog\/wp-json\/wp\/v2\/media?parent=94164"}],"wp:term":[{"taxonomy":"category","embeddable":true,"href":"http:\/\/www.editiondaslabor.de\/blog\/wp-json\/wp\/v2\/categories?post=94164"},{"taxonomy":"post_tag","embeddable":true,"href":"http:\/\/www.editiondaslabor.de\/blog\/wp-json\/wp\/v2\/tags?post=94164"}],"curies":[{"name":"wp","href":"https:\/\/api.w.org\/{rel}","templated":true}]}}