{"id":93983,"date":"2001-12-11T00:01:44","date_gmt":"2001-12-10T23:01:44","guid":{"rendered":"http:\/\/www.editiondaslabor.de\/blog\/?p=93983"},"modified":"2021-10-29T15:10:00","modified_gmt":"2021-10-29T13:10:00","slug":"verspanntheit","status":"publish","type":"post","link":"http:\/\/www.editiondaslabor.de\/blog\/2001\/12\/11\/verspanntheit\/","title":{"rendered":"Verspanntheit"},"content":{"rendered":"<p>&nbsp;<\/p>\n<p style=\"text-align: justify;\">Giancarlo sp\u00fcrte, wie sich die Verspanntheit unertr\u00e4glich in seinem ganzem K\u00f6rper ausbreitete. Er hatte mit Jacqueline den Armen Ritter verlassen. Petra Kauss registrierte ihr Fortgehen mit gemischten Gef\u00fchlen. Die drei Kinder kamen zur\u00fcck und beanspruchten mit ihren lebhaften Erz\u00e4hlungen die ganze Aufmerksamkeit ihrer Mutter. Als sie in Richtung Ausgang sah, waren die Frischverliebten verschwunden. \u201eFrisch verliebt?\u201c, schoss es ihr durch den Kopf. \u201eNie und nimmer. Das war was anderes\u2026\u201c Gef\u00fchle waren ihr wie ein R\u00e4tsel in einer Zeitschrift, das es zu l\u00f6sen galt. \u201eSollen sie bleiben, wo der Pfeffer w\u00e4chst!\u201c, dachte sie in einem Anflug von \u00c4rger, der darauf beruhte, dass ihr G\u00f6ttergatte sich nicht ausfragen lie\u00df.<\/p>\n<p style=\"text-align: justify;\">\u00bbH\u00fcbsches Gestell\u2026\u00ab, merkte Reiner mit Kennerblick an. Aber das gefiel Petra nicht.<\/p>\n<p style=\"text-align: justify;\">\u00bbHab&#8216; dich nicht danach gefragt, ob sie h\u00fcbsch ist\u00ab, mopperte Petra. Damit waren Ansagen zu diesem Thema beendet. Reiner schwieg wie immer. Nun hatten die Kinder wieder das Wort:<\/p>\n<p style=\"text-align: justify;\">\u00bbKrieg&#8217;n wir noch &#8217;n Eis?\u00ab<\/p>\n<p>&nbsp;<\/p>\n<p>&nbsp;<\/p>\n<article id=\"post-93185\" class=\"post-93185 post type-post status-publish format-standard has-post-thumbnail hentry category-literatur tag-a-j-weigoni\">\n<div class=\"entry-content\">\n<p style=\"text-align: center;\">Fortsetzung folgt.<\/p>\n<p style=\"text-align: center;\">***<\/p>\n<p style=\"text-align: justify;\"><strong>Massaker<\/strong>, ein Cranger-Cirmes-Crimi von Barbara Ester und A.J. Weigoni, Krash-Verlag 2001<\/p>\n<p style=\"text-align: justify;\"><a class=\"image-anchor\" href=\"http:\/\/www.editiondaslabor.de\/blog\/wp-content\/uploads\/2013\/08\/Massaker-206x300.jpg\"><img loading=\"lazy\" decoding=\"async\" class=\"alignleft size-full wp-image-17074\" src=\"http:\/\/www.editiondaslabor.de\/blog\/wp-content\/uploads\/2013\/08\/Massaker-206x300.jpg\" alt=\"\" width=\"206\" height=\"300\" \/><\/a><strong>W<\/strong><strong>eiterf\u00fchrend \u2192<\/strong><\/p>\n<p style=\"text-align: justify;\">In der Reihe Gossenhefte zeigt sich, was passiert, wenn sich literarischer Bodensatz und die Reflexionsm\u00f6glichkeiten von popul\u00e4rkulturellen Tugenden nahe genug kommen. Der Essay <a href=\"http:\/\/www.editiondaslabor.de\/blog\/?p=35655\"><em>Perlen des Trash<\/em><\/a> stellt diese Reihe ausf\u00fchrlich vor. Dem Begriff\u00a0<a href=\"http:\/\/www.editiondaslabor.de\/blog\/2014\/11\/01\/trash-eine-einfuehrung\/\"><em>Trash<\/em><\/a> haftet der Hauch der Verruchtheit und des Nonkonformismus an. In Musik, Kunst oder Film gilt <a href=\"http:\/\/www.editiondaslabor.de\/blog\/2014\/11\/30\/proust_and_pulp\/\"><em>Trash<\/em><\/a> als Bewegung, die im Klandestinen stattfindet und an der nur ein exklusiver Kreis nonkonformistischer Aussenseiter partizipiert. Lesen Sie auch das <a href=\"http:\/\/www.editiondaslabor.de\/blog\/1996\/06\/09\/groschenhefte\/\"><em>Kollegengespr\u00e4ch<\/em> <\/a>von A.J. Weigoni mit dem <em>echten<\/em> Bastei L\u00fcbbe-Autor Dieter Walter.\u00a0Eine W\u00fcrdigung von <em>Massaker<\/em> durch Betty Davis lesen Sie <a href=\"http:\/\/www.editiondaslabor.de\/blog\/2013\/08\/02\/die-atomisierende-maschinerie-der-modernen-gesellschaft\/\">hier<\/a>. Die H\u00f6rfassung unter dem Titel <a href=\"http:\/\/www.vordenker.de\/weigoni\/blutrausch.htm\"><em>Blutrausch<\/em><\/a> h\u00f6ren Sie in der Reihe <em>MetaPhon<\/em>. Als Tag f\u00fcr die Vorstellung dieses Cranger-Cirmes-Crimis war der <a href=\"http:\/\/www.editiondaslabor.de\/blog\/2001\/09\/11\/9-11\/\">11. September 2001<\/a> vorgesehen.<\/p>\n<\/div>\n<\/article>\n","protected":false},"excerpt":{"rendered":"<p>&nbsp; Giancarlo sp\u00fcrte, wie sich die Verspanntheit unertr\u00e4glich in seinem ganzem K\u00f6rper ausbreitete. Er hatte mit Jacqueline den Armen Ritter verlassen. Petra Kauss registrierte ihr Fortgehen mit gemischten Gef\u00fchlen. Die drei Kinder kamen zur\u00fcck und beanspruchten mit ihren lebhaften Erz\u00e4hlungen&hellip;<\/p>\n<p class=\"more-link-p\"><a class=\"more-link\" href=\"http:\/\/www.editiondaslabor.de\/blog\/2001\/12\/11\/verspanntheit\/\">Read more &rarr;<\/a><\/p>\n","protected":false},"author":14,"featured_media":17074,"comment_status":"closed","ping_status":"closed","sticky":false,"template":"","format":"standard","meta":{"footnotes":""},"categories":[1],"tags":[628,3149],"class_list":["post-93983","post","type-post","status-publish","format-standard","has-post-thumbnail","hentry","category-literatur","tag-a-j-weigoni","tag-massaker"],"_links":{"self":[{"href":"http:\/\/www.editiondaslabor.de\/blog\/wp-json\/wp\/v2\/posts\/93983","targetHints":{"allow":["GET"]}}],"collection":[{"href":"http:\/\/www.editiondaslabor.de\/blog\/wp-json\/wp\/v2\/posts"}],"about":[{"href":"http:\/\/www.editiondaslabor.de\/blog\/wp-json\/wp\/v2\/types\/post"}],"author":[{"embeddable":true,"href":"http:\/\/www.editiondaslabor.de\/blog\/wp-json\/wp\/v2\/users\/14"}],"replies":[{"embeddable":true,"href":"http:\/\/www.editiondaslabor.de\/blog\/wp-json\/wp\/v2\/comments?post=93983"}],"version-history":[{"count":0,"href":"http:\/\/www.editiondaslabor.de\/blog\/wp-json\/wp\/v2\/posts\/93983\/revisions"}],"wp:featuredmedia":[{"embeddable":true,"href":"http:\/\/www.editiondaslabor.de\/blog\/wp-json\/"}],"wp:attachment":[{"href":"http:\/\/www.editiondaslabor.de\/blog\/wp-json\/wp\/v2\/media?parent=93983"}],"wp:term":[{"taxonomy":"category","embeddable":true,"href":"http:\/\/www.editiondaslabor.de\/blog\/wp-json\/wp\/v2\/categories?post=93983"},{"taxonomy":"post_tag","embeddable":true,"href":"http:\/\/www.editiondaslabor.de\/blog\/wp-json\/wp\/v2\/tags?post=93983"}],"curies":[{"name":"wp","href":"https:\/\/api.w.org\/{rel}","templated":true}]}}