{"id":93961,"date":"2001-12-05T00:01:34","date_gmt":"2001-12-04T23:01:34","guid":{"rendered":"http:\/\/www.editiondaslabor.de\/blog\/?p=93961"},"modified":"2021-10-29T14:52:48","modified_gmt":"2021-10-29T12:52:48","slug":"kompromisslosigkeit-eines-jaegers","status":"publish","type":"post","link":"http:\/\/www.editiondaslabor.de\/blog\/2001\/12\/05\/kompromisslosigkeit-eines-jaegers\/","title":{"rendered":"Kompromisslosigkeit eines J\u00e4gers"},"content":{"rendered":"<p>&nbsp;<\/p>\n<p style=\"text-align: justify;\">Jacqueline streichelte unauff\u00e4llig mit den Fingerkuppen an der Au\u00dfenseite seiner Oberschenkel entlang. Kratzte mit den Fingern\u00e4geln \u00fcber den Stoff. Abermals schaute Giancarlo erstaunt auf. \u201eSie hat gel\u00e4chelt. Das Neonlicht blendet mich f\u00fcr einen Augenblick. Darf die Lider nicht mehr schlie\u00dfen. Muss sie im Blick haben. Ihre Jacke spannt \u00fcber ihrer Brust. Blasse Haut kontrastiert. Ihr Lachen perlt auf meiner Haut\u2026 sie darf die Tasche nicht \u00f6ffnen\u2026 \u00f6ffnet sie doch. Ein Wurm mit roten Augen f\u00e4llt in die Tasche, die Maden st\u00fcrzen vor lauter Angst in die dunklen Seitenf\u00e4cher. Mit der Kompromisslosigkeit eines J\u00e4gers hetzt er ihnen hinterher und bringt sein Wild zur Strecke.\u201c<\/p>\n<p style=\"text-align: justify;\">Jacqueline z\u00fcckte den Lippenstift und zog sich die Oberlippe nach. Nahm einen Handspiegel, klappte ihn auf, sah pr\u00fcfend hinein, presste die Lippen aufeinander, nickte sich zufrieden zu. Zog die Unterlippe an der Konturlinie nach. \u201eSie tut nur das, was eine Frau tut, wenn sie sich ihrer Sache absolut sicher oder absolut unsicher ist.\u201c Giancarlo starrte sie verzweifelt an. Ein Mann blieb an ihrem Tisch stehen.<\/p>\n<p style=\"text-align: justify;\">\u00bbKann ich den freien Stuhl haben?\u00ab<\/p>\n<p style=\"text-align: justify;\">Giancarlo nickte m\u00fcde. Selbstverst\u00e4ndlich.<\/p>\n<p style=\"text-align: justify;\">\u00bbDanke. Das ist nett von Ihnen. Die Leute sind nicht immer so nett auf der Kirmes. Meine Frau und ich wollen uns von hier das Feuerwerk ansehen. Unsere Kinder auch.\u00ab<\/p>\n<p style=\"text-align: justify;\">\u201eKinder\u2026\u201c, schoss Giancarlo eine schmerzhafte Erinnerung durch den Kopf, Loretta wollte auch Kinder haben. Er folgte dem Blick des Mannes, sah eine haarlumiphile Frau mit zwei M\u00e4dchen und einem Jungen ein paar Tische weiter sitzen. Die Frau gr\u00fc\u00dfte l\u00e4chelnd her\u00fcber. Es war ein gewinnendes L\u00e4cheln, ein offener Blick. Bis sie die Augen niederschlug. Der Junge zappelte herum.<\/p>\n<p style=\"text-align: justify;\">\u00bbSchluss, Robin, Papa bringt dir einen Stuhl.\u00ab<\/p>\n<p style=\"text-align: justify;\">\u00bbSch\u00f6nen Abend noch\u2026\u00ab, rief Reiner Kauss, und mit einem z\u00f6gerlichen Blick auf Jacqueline, \u00bb\u2026 auch Ihnen. Nochmals danke.\u00ab<\/p>\n<p>&nbsp;<\/p>\n<p>&nbsp;<\/p>\n<article id=\"post-93185\" class=\"post-93185 post type-post status-publish format-standard has-post-thumbnail hentry category-literatur tag-a-j-weigoni\">\n<div class=\"entry-content\">\n<p style=\"text-align: center;\">Fortsetzung folgt.<\/p>\n<p style=\"text-align: center;\">***<\/p>\n<p style=\"text-align: justify;\"><strong>Massaker<\/strong>, ein Cranger-Cirmes-Crimi von Barbara Ester und A.J. Weigoni, Krash-Verlag 2001<\/p>\n<p style=\"text-align: justify;\"><a class=\"image-anchor\" href=\"http:\/\/www.editiondaslabor.de\/blog\/wp-content\/uploads\/2013\/08\/Massaker-206x300.jpg\"><img loading=\"lazy\" decoding=\"async\" class=\"alignleft size-full wp-image-17074\" src=\"http:\/\/www.editiondaslabor.de\/blog\/wp-content\/uploads\/2013\/08\/Massaker-206x300.jpg\" alt=\"\" width=\"206\" height=\"300\" \/><\/a><strong>W<\/strong><strong>eiterf\u00fchrend \u2192<\/strong><\/p>\n<p style=\"text-align: justify;\">In der Reihe Gossenhefte zeigt sich, was passiert, wenn sich literarischer Bodensatz und die Reflexionsm\u00f6glichkeiten von popul\u00e4rkulturellen Tugenden nahe genug kommen. Der Essay <a href=\"http:\/\/www.editiondaslabor.de\/blog\/?p=35655\"><em>Perlen des Trash<\/em><\/a> stellt diese Reihe ausf\u00fchrlich vor. Dem Begriff\u00a0<a href=\"http:\/\/www.editiondaslabor.de\/blog\/2014\/11\/01\/trash-eine-einfuehrung\/\"><em>Trash<\/em><\/a> haftet der Hauch der Verruchtheit und des Nonkonformismus an. In Musik, Kunst oder Film gilt <a href=\"http:\/\/www.editiondaslabor.de\/blog\/2014\/11\/30\/proust_and_pulp\/\"><em>Trash<\/em><\/a> als Bewegung, die im Klandestinen stattfindet und an der nur ein exklusiver Kreis nonkonformistischer Aussenseiter partizipiert. Lesen Sie auch das <a href=\"http:\/\/www.editiondaslabor.de\/blog\/1996\/06\/09\/groschenhefte\/\"><em>Kollegengespr\u00e4ch<\/em> <\/a>von A.J. Weigoni mit dem <em>echten<\/em> Bastei L\u00fcbbe-Autor Dieter Walter.\u00a0Eine W\u00fcrdigung von <em>Massaker<\/em> durch Betty Davis lesen Sie <a href=\"http:\/\/www.editiondaslabor.de\/blog\/2013\/08\/02\/die-atomisierende-maschinerie-der-modernen-gesellschaft\/\">hier<\/a>. Die H\u00f6rfassung unter dem Titel <a href=\"http:\/\/www.vordenker.de\/weigoni\/blutrausch.htm\"><em>Blutrausch<\/em><\/a> h\u00f6ren Sie in der Reihe <em>MetaPhon<\/em>. Als Tag f\u00fcr die Vorstellung dieses Cranger-Cirmes-Crimis war der <a href=\"http:\/\/www.editiondaslabor.de\/blog\/2001\/09\/11\/9-11\/\">11. September 2001<\/a> vorgesehen.<\/p>\n<\/div>\n<\/article>\n","protected":false},"excerpt":{"rendered":"<p>&nbsp; Jacqueline streichelte unauff\u00e4llig mit den Fingerkuppen an der Au\u00dfenseite seiner Oberschenkel entlang. Kratzte mit den Fingern\u00e4geln \u00fcber den Stoff. Abermals schaute Giancarlo erstaunt auf. \u201eSie hat gel\u00e4chelt. Das Neonlicht blendet mich f\u00fcr einen Augenblick. Darf die Lider nicht mehr&hellip;<\/p>\n<p class=\"more-link-p\"><a class=\"more-link\" href=\"http:\/\/www.editiondaslabor.de\/blog\/2001\/12\/05\/kompromisslosigkeit-eines-jaegers\/\">Read more &rarr;<\/a><\/p>\n","protected":false},"author":14,"featured_media":17074,"comment_status":"closed","ping_status":"closed","sticky":false,"template":"","format":"standard","meta":{"footnotes":""},"categories":[1],"tags":[628,3149],"class_list":["post-93961","post","type-post","status-publish","format-standard","has-post-thumbnail","hentry","category-literatur","tag-a-j-weigoni","tag-massaker"],"_links":{"self":[{"href":"http:\/\/www.editiondaslabor.de\/blog\/wp-json\/wp\/v2\/posts\/93961","targetHints":{"allow":["GET"]}}],"collection":[{"href":"http:\/\/www.editiondaslabor.de\/blog\/wp-json\/wp\/v2\/posts"}],"about":[{"href":"http:\/\/www.editiondaslabor.de\/blog\/wp-json\/wp\/v2\/types\/post"}],"author":[{"embeddable":true,"href":"http:\/\/www.editiondaslabor.de\/blog\/wp-json\/wp\/v2\/users\/14"}],"replies":[{"embeddable":true,"href":"http:\/\/www.editiondaslabor.de\/blog\/wp-json\/wp\/v2\/comments?post=93961"}],"version-history":[{"count":0,"href":"http:\/\/www.editiondaslabor.de\/blog\/wp-json\/wp\/v2\/posts\/93961\/revisions"}],"wp:featuredmedia":[{"embeddable":true,"href":"http:\/\/www.editiondaslabor.de\/blog\/wp-json\/"}],"wp:attachment":[{"href":"http:\/\/www.editiondaslabor.de\/blog\/wp-json\/wp\/v2\/media?parent=93961"}],"wp:term":[{"taxonomy":"category","embeddable":true,"href":"http:\/\/www.editiondaslabor.de\/blog\/wp-json\/wp\/v2\/categories?post=93961"},{"taxonomy":"post_tag","embeddable":true,"href":"http:\/\/www.editiondaslabor.de\/blog\/wp-json\/wp\/v2\/tags?post=93961"}],"curies":[{"name":"wp","href":"https:\/\/api.w.org\/{rel}","templated":true}]}}