{"id":93907,"date":"2001-11-18T00:01:41","date_gmt":"2001-11-17T23:01:41","guid":{"rendered":"http:\/\/www.editiondaslabor.de\/blog\/?p=93907"},"modified":"2021-10-29T14:03:47","modified_gmt":"2021-10-29T12:03:47","slug":"wurzelbuerste","status":"publish","type":"post","link":"http:\/\/www.editiondaslabor.de\/blog\/2001\/11\/18\/wurzelbuerste\/","title":{"rendered":"Wurzelb\u00fcrste"},"content":{"rendered":"<p>&nbsp;<\/p>\n<p style=\"text-align: justify;\">\u00bbBei den normalen bulimiekranken Weibern kanns&#8217;te echt nicht unterscheiden, ob sie 12 oder 24 Jahre alt sind\u00ab, spuckte es h\u00f6hnisch von der Seite. Bronischewskis Kopf ruckte nach rechts. Seine Dienstm\u00fctze verschob sich dabei ein wenig, und zu der schnarrenden M\u00e4nnerstimme sah er den passenden Mann: dick, fette, str\u00e4hnige Haare, ungepflegte H\u00e4nde, eine Narbe lief \u00fcber seine rechte Wange. Er torkelte, war sichtlich betrunken. \u201eW\u00e4re ein Spa\u00df nach jemandem zu fahnden, der noch n\u00fcchtern ist! Wer, au\u00dfer uns Polypen, ist hier noch klar im Kopf und beh\u00e4lt die \u00dcbersicht?\u201c<\/p>\n<p style=\"text-align: justify;\">\u00bbRing durch&#8217;e Nase. N&#8216; Zaunpfahl im Arsch. Blaues String\u2013Mieder passt besser zu Blond\u00ab, rotzte der Hardcore\u2013Proll ein Groschenblattlamento heraus. Versuchte die Worte weiterhin mit auszuspucken. Es gelang ihm nicht, einzelne Buchstaben klebten auf der Zunge. Konsonanten blieben im Hals stecken. Er w\u00fcrgte gestammelte S\u00e4tze heraus. Mit glasigen Augen betrachtete er, wie der Rotz auf die Pflastersteine traf. Seine Sprache lie\u00df sich nur mit der Wurzelb\u00fcrste reinigen. Er schob ab zum Flying Circus.<\/p>\n<p style=\"text-align: justify;\">\u201eDie Spr\u00fcche \u00e4ndern sich\u2026\u201c, dachte Ludwig Bronischewski, \u201eaber die Inhalte bleiben sich ewig gleich.\u201c Die Grenzen zwischen Kitzel und Beklemmung, zwischen Attraktion und Aggression, wurden auch hier gezogen. Gewalt war nur erlaubt, solange sie am Ende nicht gesellschaftszersetzend, sondern stabilisierend wirkte. Pr\u00e4zise austariert, wie der des Flying Circus, der atemberaubende Bewegungen in aufrechter seitlicher und \u00dcberkopfposition versprach. Die Gondeln rasten in bis zu 20 Metern H\u00f6he daher und das in drei Dimensionen. Eine exakt durchkonstruierte Fahrt mit systematisch aneinandergereihten Thrill\u2013Effekten, die in einem furiosen Finale gipfelten. Die Freunde der turboschnellen Fahrgesch\u00e4fte w\u00fcrden einmal mehr voll auf ihre Kosten kommen. Die m\u00f6rderische Hitze w\u00fcrde ihr \u00dcbriges dazu tun.<\/p>\n<p>&nbsp;<\/p>\n<p>&nbsp;<\/p>\n<article id=\"post-93185\" class=\"post-93185 post type-post status-publish format-standard has-post-thumbnail hentry category-literatur tag-a-j-weigoni\">\n<div class=\"entry-content\">\n<p style=\"text-align: center;\">Fortsetzung folgt.<\/p>\n<p style=\"text-align: center;\">***<\/p>\n<p style=\"text-align: justify;\"><strong>Massaker<\/strong>, ein Cranger-Cirmes-Crimi von Barbara Ester und A.J. Weigoni, Krash-Verlag 2001<\/p>\n<p style=\"text-align: justify;\"><a class=\"image-anchor\" href=\"http:\/\/www.editiondaslabor.de\/blog\/wp-content\/uploads\/2013\/08\/Massaker-206x300.jpg\"><img loading=\"lazy\" decoding=\"async\" class=\"alignleft size-full wp-image-17074\" src=\"http:\/\/www.editiondaslabor.de\/blog\/wp-content\/uploads\/2013\/08\/Massaker-206x300.jpg\" alt=\"\" width=\"206\" height=\"300\" \/><\/a><strong>W<\/strong><strong>eiterf\u00fchrend \u2192<\/strong><\/p>\n<p style=\"text-align: justify;\">In der Reihe Gossenhefte zeigt sich, was passiert, wenn sich literarischer Bodensatz und die Reflexionsm\u00f6glichkeiten von popul\u00e4rkulturellen Tugenden nahe genug kommen. Der Essay <a href=\"http:\/\/www.editiondaslabor.de\/blog\/?p=35655\"><em>Perlen des Trash<\/em><\/a> stellt diese Reihe ausf\u00fchrlich vor. Dem Begriff\u00a0<a href=\"http:\/\/www.editiondaslabor.de\/blog\/2014\/11\/01\/trash-eine-einfuehrung\/\"><em>Trash<\/em><\/a> haftet der Hauch der Verruchtheit und des Nonkonformismus an. In Musik, Kunst oder Film gilt <a href=\"http:\/\/www.editiondaslabor.de\/blog\/2014\/11\/30\/proust_and_pulp\/\"><em>Trash<\/em><\/a> als Bewegung, die im Klandestinen stattfindet und an der nur ein exklusiver Kreis nonkonformistischer Aussenseiter partizipiert. Lesen Sie auch das <a href=\"http:\/\/www.editiondaslabor.de\/blog\/1996\/06\/09\/groschenhefte\/\"><em>Kollegengespr\u00e4ch<\/em> <\/a>von A.J. Weigoni mit dem <em>echten<\/em> Bastei L\u00fcbbe-Autor Dieter Walter.\u00a0Eine W\u00fcrdigung von <em>Massaker<\/em> durch Betty Davis lesen Sie <a href=\"http:\/\/www.editiondaslabor.de\/blog\/2013\/08\/02\/die-atomisierende-maschinerie-der-modernen-gesellschaft\/\">hier<\/a>. Die H\u00f6rfassung unter dem Titel <a href=\"http:\/\/www.vordenker.de\/weigoni\/blutrausch.htm\"><em>Blutrausch<\/em><\/a> h\u00f6ren Sie in der Reihe <em>MetaPhon<\/em>. Als Tag f\u00fcr die Vorstellung dieses Cranger-Cirmes-Crimis war der <a href=\"http:\/\/www.editiondaslabor.de\/blog\/2001\/09\/11\/9-11\/\">11. September 2001<\/a> vorgesehen.<\/p>\n<\/div>\n<\/article>\n","protected":false},"excerpt":{"rendered":"<p>&nbsp; \u00bbBei den normalen bulimiekranken Weibern kanns&#8217;te echt nicht unterscheiden, ob sie 12 oder 24 Jahre alt sind\u00ab, spuckte es h\u00f6hnisch von der Seite. Bronischewskis Kopf ruckte nach rechts. Seine Dienstm\u00fctze verschob sich dabei ein wenig, und zu der schnarrenden&hellip;<\/p>\n<p class=\"more-link-p\"><a class=\"more-link\" href=\"http:\/\/www.editiondaslabor.de\/blog\/2001\/11\/18\/wurzelbuerste\/\">Read more &rarr;<\/a><\/p>\n","protected":false},"author":14,"featured_media":17074,"comment_status":"closed","ping_status":"closed","sticky":false,"template":"","format":"standard","meta":{"footnotes":""},"categories":[1],"tags":[628,3149],"class_list":["post-93907","post","type-post","status-publish","format-standard","has-post-thumbnail","hentry","category-literatur","tag-a-j-weigoni","tag-massaker"],"_links":{"self":[{"href":"http:\/\/www.editiondaslabor.de\/blog\/wp-json\/wp\/v2\/posts\/93907","targetHints":{"allow":["GET"]}}],"collection":[{"href":"http:\/\/www.editiondaslabor.de\/blog\/wp-json\/wp\/v2\/posts"}],"about":[{"href":"http:\/\/www.editiondaslabor.de\/blog\/wp-json\/wp\/v2\/types\/post"}],"author":[{"embeddable":true,"href":"http:\/\/www.editiondaslabor.de\/blog\/wp-json\/wp\/v2\/users\/14"}],"replies":[{"embeddable":true,"href":"http:\/\/www.editiondaslabor.de\/blog\/wp-json\/wp\/v2\/comments?post=93907"}],"version-history":[{"count":0,"href":"http:\/\/www.editiondaslabor.de\/blog\/wp-json\/wp\/v2\/posts\/93907\/revisions"}],"wp:featuredmedia":[{"embeddable":true,"href":"http:\/\/www.editiondaslabor.de\/blog\/wp-json\/"}],"wp:attachment":[{"href":"http:\/\/www.editiondaslabor.de\/blog\/wp-json\/wp\/v2\/media?parent=93907"}],"wp:term":[{"taxonomy":"category","embeddable":true,"href":"http:\/\/www.editiondaslabor.de\/blog\/wp-json\/wp\/v2\/categories?post=93907"},{"taxonomy":"post_tag","embeddable":true,"href":"http:\/\/www.editiondaslabor.de\/blog\/wp-json\/wp\/v2\/tags?post=93907"}],"curies":[{"name":"wp","href":"https:\/\/api.w.org\/{rel}","templated":true}]}}