{"id":93444,"date":"2013-04-01T00:01:23","date_gmt":"2013-03-31T22:01:23","guid":{"rendered":"http:\/\/www.editiondaslabor.de\/blog\/?p=93444"},"modified":"2021-10-24T11:39:52","modified_gmt":"2021-10-24T09:39:52","slug":"alzheimer-ein-langer-abschied","status":"publish","type":"post","link":"http:\/\/www.editiondaslabor.de\/blog\/2013\/04\/01\/alzheimer-ein-langer-abschied\/","title":{"rendered":"Alzheimer &#8211; ein langer Abschied"},"content":{"rendered":"<p>&nbsp;<\/p>\n<p style=\"text-align: justify;\">Ich las dieses ber\u00fchrende Buch sozusagen in einem Atemzug bis tief in die Nacht. Mir gef\u00e4llt das Buch ganz besonders wegen der Offenheit, mit der die Autorin gleich zu Beginn die Karten auf den Tisch legt, wenn sie schreibt, dass sie den Mann, der sie mit einer jungen Frau betrog, trotzdem liebt und dass sie auch die Mitverantwortung f\u00fcr das Kind, das er mit der jungen Frau zeugte, \u00fcbernehmen will. Das war 1999. Ein Jahr sp\u00e4ter erkrankt Axel, ihr Mann, und sie heiratet ihn. Sie geht konsequent den Weg ihrer Liebe weiter.<\/p>\n<p style=\"text-align: justify;\">Die N\u00fcchternheit in der Schilderung der zun\u00e4chst langsam voranschreitenden Krankheit wird aufgewogen in der Balance mit den Nuancen bei der Beschreibung des Alzheimer-Prozesses und dem Herausarbeiten der Farben, die gegen das Grau des geistigen Niedergangs gesetzt sind. Neben vielen Passagen, Episoden und Gedanken gef\u00e4llt mir besonders die Parkplatz-Episode gegen Ende des Buchs.<\/p>\n<p style=\"text-align: justify;\">Axel schaut sich auf einem Parkplatz die Autos an und fragt sich, wer in den Autos sitzt. Er geht von einem Auto zum anderen und sieht durch die Scheiben nach innen. Seiner Frau sagt er, in jedem Auto sitze die gleiche Person &#8230;<\/p>\n<p style=\"text-align: justify;\">Diese Episode spiegelt das ganze Problem mit Witz und ist zugleich bitter, au\u00dferdem \u00fcbersteigt diese \u201aSpiegelung\u2019 die Realit\u00e4t und ist wie eine philosophische Parabel auf unsere Existenz \u00fcberhaupt. Es ist keine intendierte Parabel, aber so lesbar. Hanna Kappus zeigt, dass das Leben auch jetzt noch gro\u00df sein kann. Was das wirklich bedeutet, bedeuten kann, frage ich mich. Die Antworten, die im Buch stehen, beruhigen und verunsichern mich.<\/p>\n<p style=\"text-align: justify;\">Ich glaube, Hannas Weg ist richtig, auch wenn ich ihn nicht gehen k\u00f6nnte.<\/p>\n<p>&nbsp;<\/p>\n<p>&nbsp;<\/p>\n<p style=\"text-align: center;\">***<\/p>\n<div id=\"attachment_93445\" style=\"width: 170px\" class=\"wp-caption alignleft\"><img loading=\"lazy\" decoding=\"async\" aria-describedby=\"caption-attachment-93445\" class=\"size-full wp-image-93445\" src=\"http:\/\/www.editiondaslabor.de\/blog\/wp-content\/uploads\/2021\/10\/Kappus_Cover.jpg\" alt=\"\" width=\"160\" height=\"255\" \/><p id=\"caption-attachment-93445\" class=\"wp-caption-text\">Das Leben ist ein grosses von Hanna Kappus<\/p><\/div>\n<p style=\"text-align: justify;\"><strong>Das Leben ist ein gro\u00dfes<\/strong>, von Hanna Kappus. Verlag: G\u00fctersloher Verlagshaus, G\u00fctersloh, 2012<\/p>\n","protected":false},"excerpt":{"rendered":"<p>&nbsp; Ich las dieses ber\u00fchrende Buch sozusagen in einem Atemzug bis tief in die Nacht. Mir gef\u00e4llt das Buch ganz besonders wegen der Offenheit, mit der die Autorin gleich zu Beginn die Karten auf den Tisch legt, wenn sie schreibt,&hellip;<\/p>\n<p class=\"more-link-p\"><a class=\"more-link\" href=\"http:\/\/www.editiondaslabor.de\/blog\/2013\/04\/01\/alzheimer-ein-langer-abschied\/\">Read more &rarr;<\/a><\/p>\n","protected":false},"author":41,"featured_media":93445,"comment_status":"closed","ping_status":"closed","sticky":false,"template":"","format":"standard","meta":{"footnotes":""},"categories":[1],"tags":[3146,866],"class_list":["post-93444","post","type-post","status-publish","format-standard","has-post-thumbnail","hentry","category-literatur","tag-hanna-kappus","tag-ulrich-bergmann"],"_links":{"self":[{"href":"http:\/\/www.editiondaslabor.de\/blog\/wp-json\/wp\/v2\/posts\/93444","targetHints":{"allow":["GET"]}}],"collection":[{"href":"http:\/\/www.editiondaslabor.de\/blog\/wp-json\/wp\/v2\/posts"}],"about":[{"href":"http:\/\/www.editiondaslabor.de\/blog\/wp-json\/wp\/v2\/types\/post"}],"author":[{"embeddable":true,"href":"http:\/\/www.editiondaslabor.de\/blog\/wp-json\/wp\/v2\/users\/41"}],"replies":[{"embeddable":true,"href":"http:\/\/www.editiondaslabor.de\/blog\/wp-json\/wp\/v2\/comments?post=93444"}],"version-history":[{"count":0,"href":"http:\/\/www.editiondaslabor.de\/blog\/wp-json\/wp\/v2\/posts\/93444\/revisions"}],"wp:featuredmedia":[{"embeddable":true,"href":"http:\/\/www.editiondaslabor.de\/blog\/wp-json\/"}],"wp:attachment":[{"href":"http:\/\/www.editiondaslabor.de\/blog\/wp-json\/wp\/v2\/media?parent=93444"}],"wp:term":[{"taxonomy":"category","embeddable":true,"href":"http:\/\/www.editiondaslabor.de\/blog\/wp-json\/wp\/v2\/categories?post=93444"},{"taxonomy":"post_tag","embeddable":true,"href":"http:\/\/www.editiondaslabor.de\/blog\/wp-json\/wp\/v2\/tags?post=93444"}],"curies":[{"name":"wp","href":"https:\/\/api.w.org\/{rel}","templated":true}]}}