{"id":93412,"date":"2021-09-10T12:50:50","date_gmt":"2021-09-10T10:50:50","guid":{"rendered":"http:\/\/www.editiondaslabor.de\/blog\/?p=93412"},"modified":"2021-10-24T08:53:28","modified_gmt":"2021-10-24T06:53:28","slug":"bonn-10-9-la-fontana","status":"publish","type":"post","link":"http:\/\/www.editiondaslabor.de\/blog\/2021\/09\/10\/bonn-10-9-la-fontana\/","title":{"rendered":"Bonn, 10.9. La Fontana"},"content":{"rendered":"<p>&nbsp;<\/p>\n<p style=\"text-align: justify;\">Lieber Wolfgang,<\/p>\n<p style=\"text-align: justify;\">die Sonne scheint, die Wetterprognose jedoch verhei\u00dft volatile Himmelserscheinungen, und so hat die Bouquinistin des B\u00fccherkarrens am Kaiserplatz geschlossen. Schlimmer noch: Pirandello schweigt. Er schl\u00e4ft noch, oder er hat sich in der Bibliothek des Romanischen Seminars verirrt, verlaufen und verzettelt in den B\u00fcchern. So bin ich heute die einzige Konstante in meiner Welt, Voltaires Maxime beherzigend: Il faut cultiver notre jardin, c\u2019est \u00e0 dire: mon jardin des id\u00e9es &#8230; Aber ohne Pirandello, ohne B\u00fccherbude ist der Kaiserplatz nur eine halbe Welt, und ich bin versucht, den Kastraten aus \u201eCandide\u201c zu zitieren: O che sciagura d\u2019essere senza coglioni! Aber ich wei\u00df ja, ich \u00fcbertreibe ma\u00dflos, und so gelobe ich Besserung.<\/p>\n<p>&nbsp;<\/p>\n<p>&nbsp;<\/p>\n<p class=\"has-text-align-center\" style=\"text-align: center;\">***<\/p>\n<p style=\"text-align: justify;\"><strong>Pirandello-Geschichten<\/strong>, von Ulrich Bergmann + Selbstportra\u0308ts, Damonte, Bonn 2021<\/p>\n<figure class=\"wp-block-image\" style=\"text-align: justify;\">\n<p><div id=\"attachment_55421\" style=\"width: 1034px\" class=\"wp-caption aligncenter\"><img loading=\"lazy\" decoding=\"async\" aria-describedby=\"caption-attachment-55421\" class=\"wp-image-55421\" src=\"http:\/\/www.editiondaslabor.de\/blog\/wp-content\/uploads\/2019\/04\/Bonn-1024x614.jpg\" alt=\"\" width=\"1024\" height=\"614\" srcset=\"http:\/\/www.editiondaslabor.de\/blog\/wp-content\/uploads\/2019\/04\/Bonn-1024x614.jpg 1024w, http:\/\/www.editiondaslabor.de\/blog\/wp-content\/uploads\/2019\/04\/Bonn-300x180.jpg 300w, http:\/\/www.editiondaslabor.de\/blog\/wp-content\/uploads\/2019\/04\/Bonn-768x460.jpg 768w, http:\/\/www.editiondaslabor.de\/blog\/wp-content\/uploads\/2019\/04\/Bonn-560x336.jpg 560w, http:\/\/www.editiondaslabor.de\/blog\/wp-content\/uploads\/2019\/04\/Bonn-260x156.jpg 260w, http:\/\/www.editiondaslabor.de\/blog\/wp-content\/uploads\/2019\/04\/Bonn-160x96.jpg 160w, http:\/\/www.editiondaslabor.de\/blog\/wp-content\/uploads\/2019\/04\/Bonn.jpg 1048w\" sizes=\"auto, (max-width: 1024px) 100vw, 1024px\" \/><p id=\"caption-attachment-55421\" class=\"wp-caption-text\">Weimar ist nicht Bonn<\/p><\/div><\/figure>\n<p style=\"text-align: justify;\"><strong>Weiterf\u00fchrend \u2192<\/strong><\/p>\n<p style=\"text-align: justify;\">Auch in seinem Projekt <em>Pirandellos<\/em> nutzt Ulrich Bergmann das Postkartenformat. Mit seinen \u201eCorrespondenzkarten\u201c verschafft er den Lesern das Vergn\u00fcgen von spezieller <a href=\"http:\/\/www.editiondaslabor.de\/blog\/2014\/12\/09\/twitteratur-eine-neue-literaturgattung\/\">Twitteratur<\/a>. Es ist eine bildungsb\u00fcrgerliche Kurzprosa mit gleichsam eingebauter Kommentarspaltenfunktion, bei der Kurztexte aus dem Zyklus <em>Kritische K\u00f6rper,<\/em> und auch aus der losen Reihe mit dem Titel\u00a0<a href=\"http:\/\/www.editiondaslabor.de\/blog\/?p=40312\"><em>Splitter, nicht einmal Fragmente <\/em><\/a>aufploppen. \u2013 Eine Einf\u00fchrung in\u00a0<em>Schlangegeschichten<\/em>\u00a0von Ulrich Bergmann finden Sie\u00a0<a href=\"http:\/\/www.editiondaslabor.de\/blog\/?p=32773\">hier<\/a>. Lesen Sie auf KUNO zu den\u00a0<em>Arthurgeschichten<\/em> auch den\u00a0<a href=\"http:\/\/www.editiondaslabor.de\/blog\/?p=6837\">Essay<\/a>\u00a0von Holger Benkel, sowie seinen <a href=\"http:\/\/www.editiondaslabor.de\/blog\/?p=15183\">Essay<\/a> zum Zyklus <em>Kritische K\u00f6rper.<\/em><\/p>\n","protected":false},"excerpt":{"rendered":"<p>&nbsp; Lieber Wolfgang, die Sonne scheint, die Wetterprognose jedoch verhei\u00dft volatile Himmelserscheinungen, und so hat die Bouquinistin des B\u00fccherkarrens am Kaiserplatz geschlossen. Schlimmer noch: Pirandello schweigt. Er schl\u00e4ft noch, oder er hat sich in der Bibliothek des Romanischen Seminars verirrt,&hellip;<\/p>\n<p class=\"more-link-p\"><a class=\"more-link\" href=\"http:\/\/www.editiondaslabor.de\/blog\/2021\/09\/10\/bonn-10-9-la-fontana\/\">Read more &rarr;<\/a><\/p>\n","protected":false},"author":41,"featured_media":55421,"comment_status":"closed","ping_status":"closed","sticky":false,"template":"","format":"standard","meta":{"footnotes":""},"categories":[1],"tags":[866],"class_list":["post-93412","post","type-post","status-publish","format-standard","has-post-thumbnail","hentry","category-literatur","tag-ulrich-bergmann"],"_links":{"self":[{"href":"http:\/\/www.editiondaslabor.de\/blog\/wp-json\/wp\/v2\/posts\/93412","targetHints":{"allow":["GET"]}}],"collection":[{"href":"http:\/\/www.editiondaslabor.de\/blog\/wp-json\/wp\/v2\/posts"}],"about":[{"href":"http:\/\/www.editiondaslabor.de\/blog\/wp-json\/wp\/v2\/types\/post"}],"author":[{"embeddable":true,"href":"http:\/\/www.editiondaslabor.de\/blog\/wp-json\/wp\/v2\/users\/41"}],"replies":[{"embeddable":true,"href":"http:\/\/www.editiondaslabor.de\/blog\/wp-json\/wp\/v2\/comments?post=93412"}],"version-history":[{"count":0,"href":"http:\/\/www.editiondaslabor.de\/blog\/wp-json\/wp\/v2\/posts\/93412\/revisions"}],"wp:featuredmedia":[{"embeddable":true,"href":"http:\/\/www.editiondaslabor.de\/blog\/wp-json\/"}],"wp:attachment":[{"href":"http:\/\/www.editiondaslabor.de\/blog\/wp-json\/wp\/v2\/media?parent=93412"}],"wp:term":[{"taxonomy":"category","embeddable":true,"href":"http:\/\/www.editiondaslabor.de\/blog\/wp-json\/wp\/v2\/categories?post=93412"},{"taxonomy":"post_tag","embeddable":true,"href":"http:\/\/www.editiondaslabor.de\/blog\/wp-json\/wp\/v2\/tags?post=93412"}],"curies":[{"name":"wp","href":"https:\/\/api.w.org\/{rel}","templated":true}]}}