{"id":93234,"date":"2015-11-15T00:01:40","date_gmt":"2015-11-14T23:01:40","guid":{"rendered":"http:\/\/www.editiondaslabor.de\/blog\/?p=93234"},"modified":"2026-01-04T06:28:02","modified_gmt":"2026-01-04T05:28:02","slug":"endlich-2","status":"publish","type":"post","link":"http:\/\/www.editiondaslabor.de\/blog\/2015\/11\/15\/endlich-2\/","title":{"rendered":"Endlich"},"content":{"rendered":"<p>&nbsp;<\/p>\n<p>Der Metzgerhund schnappt nach dem goldenen Ring.<\/p>\n<p>Die Fee ist gut, aber der Kaffee hart und der<\/p>\n<p>Granit weichgekocht wie eine Haube aus Katzenfell.<\/p>\n<p>Die Knaben, die M\u00e4nner, die Greise.<\/p>\n<p>Sie sitzen auf der Mauer und beraten. Sie deuten in der<\/p>\n<p>Runde. Die Pflastersteine springen aus dem Boden<\/p>\n<p>wie Springbrunnen und machen sich in alle<\/p>\n<p>Richtungen davon. Man k\u00f6nnte sagen, etwas stimme<\/p>\n<p>nicht. Aber es sind nur die geheimen Kr\u00e4fte,<\/p>\n<p>die man schon seit heute fr\u00fch erwartet. Die Steine<\/p>\n<p>fliegen bis zur K\u00fcste des Nordmeeres, wo sie an<\/p>\n<p>den silbergl\u00e4nzenden F\u00e4den h\u00e4ngen bleiben.<\/p>\n<p>Sie schaukeln in der Morgensonne.<\/p>\n<p>&nbsp;<\/p>\n<p>&nbsp;<\/p>\n<p style=\"text-align: center;\">***<\/p>\n<p style=\"text-align: justify;\"><strong>Husch, husch, der sch\u00f6nste Vokal entleert sich<\/strong>. Gedichte von Meret Oppenheim. Berlin (edition suhrkamp 2703) 2015.<\/p>\n<p style=\"text-align: justify;\"><img loading=\"lazy\" decoding=\"async\" class=\"alignleft size-full wp-image-93236\" src=\"http:\/\/www.editiondaslabor.de\/blog\/wp-content\/uploads\/2015\/11\/Husch_Cover.jpg\" alt=\"\" width=\"238\" height=\"390\" srcset=\"http:\/\/www.editiondaslabor.de\/blog\/wp-content\/uploads\/2015\/11\/Husch_Cover.jpg 238w, http:\/\/www.editiondaslabor.de\/blog\/wp-content\/uploads\/2015\/11\/Husch_Cover-183x300.jpg 183w, http:\/\/www.editiondaslabor.de\/blog\/wp-content\/uploads\/2015\/11\/Husch_Cover-160x262.jpg 160w\" sizes=\"auto, (max-width: 238px) 100vw, 238px\" \/>Dieses Buch stellt die Sprach-K\u00fcnstlerin Oppenheim vor. Er vereinigt die Gedichte aus den Jahren 1933\u20131980. Neben den Gedichten lenken Zeichnungen und Skizzen die Aufmerksamkeit auf die Herausforderung des Queren, Vorl\u00e4ufigen und Bizarren im Werk von Meret Openheim.<\/p>\n<p style=\"text-align: justify;\"><strong>Weiterf\u00fchrend <\/strong><strong>\u2192<\/strong>\u00a0Poesie z\u00e4hlt f\u00fcr KUNO weiterhin zu den identit\u00e4ts- und identifikationstiftenden Elementen einer Kultur, dies bezeugte auch der Versuch einer <a href=\"http:\/\/www.editiondaslabor.de\/blog\/?p=25630\">poetologischen Positionsbestimmung<\/a>.<\/p>\n<p>&nbsp;<\/p>\n","protected":false},"excerpt":{"rendered":"<p>&nbsp; Der Metzgerhund schnappt nach dem goldenen Ring. Die Fee ist gut, aber der Kaffee hart und der Granit weichgekocht wie eine Haube aus Katzenfell. Die Knaben, die M\u00e4nner, die Greise. Sie sitzen auf der Mauer und beraten. Sie deuten&hellip;<\/p>\n<p class=\"more-link-p\"><a class=\"more-link\" href=\"http:\/\/www.editiondaslabor.de\/blog\/2015\/11\/15\/endlich-2\/\">Read more &rarr;<\/a><\/p>\n","protected":false},"author":258,"featured_media":98207,"comment_status":"closed","ping_status":"closed","sticky":false,"template":"","format":"standard","meta":{"footnotes":""},"categories":[1],"tags":[3145],"class_list":["post-93234","post","type-post","status-publish","format-standard","has-post-thumbnail","hentry","category-literatur","tag-meret-oppenheim"],"_links":{"self":[{"href":"http:\/\/www.editiondaslabor.de\/blog\/wp-json\/wp\/v2\/posts\/93234","targetHints":{"allow":["GET"]}}],"collection":[{"href":"http:\/\/www.editiondaslabor.de\/blog\/wp-json\/wp\/v2\/posts"}],"about":[{"href":"http:\/\/www.editiondaslabor.de\/blog\/wp-json\/wp\/v2\/types\/post"}],"author":[{"embeddable":true,"href":"http:\/\/www.editiondaslabor.de\/blog\/wp-json\/wp\/v2\/users\/258"}],"replies":[{"embeddable":true,"href":"http:\/\/www.editiondaslabor.de\/blog\/wp-json\/wp\/v2\/comments?post=93234"}],"version-history":[{"count":1,"href":"http:\/\/www.editiondaslabor.de\/blog\/wp-json\/wp\/v2\/posts\/93234\/revisions"}],"predecessor-version":[{"id":106975,"href":"http:\/\/www.editiondaslabor.de\/blog\/wp-json\/wp\/v2\/posts\/93234\/revisions\/106975"}],"wp:featuredmedia":[{"embeddable":true,"href":"http:\/\/www.editiondaslabor.de\/blog\/wp-json\/wp\/v2\/media\/98207"}],"wp:attachment":[{"href":"http:\/\/www.editiondaslabor.de\/blog\/wp-json\/wp\/v2\/media?parent=93234"}],"wp:term":[{"taxonomy":"category","embeddable":true,"href":"http:\/\/www.editiondaslabor.de\/blog\/wp-json\/wp\/v2\/categories?post=93234"},{"taxonomy":"post_tag","embeddable":true,"href":"http:\/\/www.editiondaslabor.de\/blog\/wp-json\/wp\/v2\/tags?post=93234"}],"curies":[{"name":"wp","href":"https:\/\/api.w.org\/{rel}","templated":true}]}}