{"id":93024,"date":"2007-02-19T00:01:36","date_gmt":"2007-02-18T23:01:36","guid":{"rendered":"http:\/\/www.editiondaslabor.de\/blog\/?p=93024"},"modified":"2022-12-19T13:11:21","modified_gmt":"2022-12-19T12:11:21","slug":"die-balance-der-literatur-2","status":"publish","type":"post","link":"http:\/\/www.editiondaslabor.de\/blog\/2007\/02\/19\/die-balance-der-literatur-2\/","title":{"rendered":"Die Balance der Literatur"},"content":{"rendered":"<p>&nbsp;<\/p>\n<p style=\"text-align: justify;\">Ja. Ja und nein. Das Wesentliche &#8230; das f\u00fcr dich Wesentliche suchen und finden. Von mir aus &#8211; aber nur, wenn sich so ein Ich nicht zu wichtig nimmt oder nicht zu weise wird wie Hesse etwa. Deine Ungeduld, dein \u00dcberdruss, deine Unzufriedenheit &#8211; in der Literatur &#8211; ist dann gut, wenn du im geb\u00e4ndigten Zorn etwas aus dir herausschreibst oder gegen was anschreibst, aber \u00fcbertreibs nicht mit (deinen) zu hohen Erwartungen! Und um den Markt kommen wir nicht herum, genauso wenig wie die Bilder, der Markt ist Teil der Filteranlage f\u00fcr das, was ausgestreut wird, f\u00fcr das, was bleibt &#8211; leider und gottseidank, es ist besser als die gro\u00dfe Demokratie des Allesgeltenlassens, das ins Nichts und Alles f\u00fchrt. Lieber falsche Entscheidungen als gar keine. Das Subjektive gen\u00fcgt sich nicht &#8211; das Schreiben muss hinaus in die \u00d6ffentlichkeit, es muss sich unter den Kannibalen und den Gourmets durchschlagen. Die Literatur ist gut, die geliebt werden kann von den Armen und Reichen im Geist, die die komplizierte \u00e4sthetische Balance aush\u00e4lt, wo die Balance von Form und Inhalt, Idee und Realit\u00e4t, K\u00fcnstlichkeit und Authentizit\u00e4t, Intention und Wirkung stimmt &#8211; wenigstens f\u00fcr eine kleine Zeit in einer gr\u00f6\u00dferen Leserschaft.<\/p>\n<p style=\"text-align: right;\"><span style=\"color: #999999;\">aus einem Brief an Joachim Zelter<\/span><\/p>\n<p>&nbsp;<\/p>\n<p>&nbsp;<\/p>\n<p>&nbsp;<\/p>\n<div id=\"attachment_9174\" style=\"width: 132px\" class=\"wp-caption alignleft\"><img loading=\"lazy\" decoding=\"async\" aria-describedby=\"caption-attachment-9174\" class=\"size-full wp-image-9174\" src=\"http:\/\/www.editiondaslabor.de\/blog\/wp-content\/uploads\/2012\/12\/Bergmann_1_sw.jpg\" alt=\"\" width=\"122\" height=\"182\" \/><p id=\"caption-attachment-9174\" class=\"wp-caption-text\">Ulrich Bergmann<\/p><\/div>\n<p><strong>Weiterf\u00fchrend \u2192<\/strong><\/p>\n<p style=\"text-align: justify;\">Es ist eine bildungsb\u00fcrgerliche Kurzprosa mit gleichsam eingebauter Kommentarspaltenfunktion, bei der Kurztexte aus dem Zyklus <em>Kritische K\u00f6rper,<\/em> und auch aus der losen Reihe mit dem Titel\u00a0<a href=\"http:\/\/www.editiondaslabor.de\/blog\/?p=40312\"><em>Splitter, nicht einmal Fragmente <\/em><\/a>aufploppen. \u2013 Eine Einf\u00fchrung in\u00a0<em>Schlangegeschichten<\/em>\u00a0von Ulrich Bergmann finden Sie\u00a0<a href=\"http:\/\/www.editiondaslabor.de\/blog\/?p=32773\">hier<\/a>. Lesen Sie auf KUNO zu den\u00a0<em>Arthurgeschichten<\/em> auch den\u00a0<a href=\"http:\/\/www.editiondaslabor.de\/blog\/?p=6837\">Essay<\/a>\u00a0von Holger Benkel, sowie seinen <a href=\"http:\/\/www.editiondaslabor.de\/blog\/?p=15183\">Essay<\/a> zum Zyklus <em>Kritische K\u00f6rper.<\/em><\/p>\n","protected":false},"excerpt":{"rendered":"<p>&nbsp; Ja. Ja und nein. Das Wesentliche &#8230; das f\u00fcr dich Wesentliche suchen und finden. Von mir aus &#8211; aber nur, wenn sich so ein Ich nicht zu wichtig nimmt oder nicht zu weise wird wie Hesse etwa. Deine Ungeduld,&hellip;<\/p>\n<p class=\"more-link-p\"><a class=\"more-link\" href=\"http:\/\/www.editiondaslabor.de\/blog\/2007\/02\/19\/die-balance-der-literatur-2\/\">Read more &rarr;<\/a><\/p>\n","protected":false},"author":41,"featured_media":98374,"comment_status":"closed","ping_status":"closed","sticky":false,"template":"","format":"standard","meta":{"footnotes":""},"categories":[1],"tags":[866],"class_list":["post-93024","post","type-post","status-publish","format-standard","has-post-thumbnail","hentry","category-literatur","tag-ulrich-bergmann"],"_links":{"self":[{"href":"http:\/\/www.editiondaslabor.de\/blog\/wp-json\/wp\/v2\/posts\/93024","targetHints":{"allow":["GET"]}}],"collection":[{"href":"http:\/\/www.editiondaslabor.de\/blog\/wp-json\/wp\/v2\/posts"}],"about":[{"href":"http:\/\/www.editiondaslabor.de\/blog\/wp-json\/wp\/v2\/types\/post"}],"author":[{"embeddable":true,"href":"http:\/\/www.editiondaslabor.de\/blog\/wp-json\/wp\/v2\/users\/41"}],"replies":[{"embeddable":true,"href":"http:\/\/www.editiondaslabor.de\/blog\/wp-json\/wp\/v2\/comments?post=93024"}],"version-history":[{"count":1,"href":"http:\/\/www.editiondaslabor.de\/blog\/wp-json\/wp\/v2\/posts\/93024\/revisions"}],"predecessor-version":[{"id":104335,"href":"http:\/\/www.editiondaslabor.de\/blog\/wp-json\/wp\/v2\/posts\/93024\/revisions\/104335"}],"wp:featuredmedia":[{"embeddable":true,"href":"http:\/\/www.editiondaslabor.de\/blog\/wp-json\/wp\/v2\/media\/98374"}],"wp:attachment":[{"href":"http:\/\/www.editiondaslabor.de\/blog\/wp-json\/wp\/v2\/media?parent=93024"}],"wp:term":[{"taxonomy":"category","embeddable":true,"href":"http:\/\/www.editiondaslabor.de\/blog\/wp-json\/wp\/v2\/categories?post=93024"},{"taxonomy":"post_tag","embeddable":true,"href":"http:\/\/www.editiondaslabor.de\/blog\/wp-json\/wp\/v2\/tags?post=93024"}],"curies":[{"name":"wp","href":"https:\/\/api.w.org\/{rel}","templated":true}]}}