{"id":92593,"date":"2005-10-12T00:01:47","date_gmt":"2005-10-11T22:01:47","guid":{"rendered":"http:\/\/www.editiondaslabor.de\/blog\/?p=92593"},"modified":"2021-10-12T16:29:14","modified_gmt":"2021-10-12T14:29:14","slug":"gaensemagd","status":"publish","type":"post","link":"http:\/\/www.editiondaslabor.de\/blog\/2005\/10\/12\/gaensemagd\/","title":{"rendered":"g\u00e4nsemagd"},"content":{"rendered":"<p>&nbsp;<\/p>\n<p><strong>\u00a0<\/strong><\/p>\n<p>im feld h\u00fct ich worte<br \/>\nf\u00fcr die leblosen dinge<br \/>\ndem torbogen sag ich<br \/>\nund dem ofen den vers<\/p>\n<p>es gibt kaum mehr zauber<br \/>\nich wei\u00df keine spr\u00fcche<br \/>\ndas alte vergass ich<br \/>\nbis auf meinen kamm<\/p>\n<p>der wind nimmt dem k\u00fcrtchen<br \/>\nseine hoffnung sein h\u00fctchen<br \/>\nich schreibe ich schreibe<br \/>\nund stecke mein haar auf<\/p>\n<p>&nbsp;<\/p>\n<p>&nbsp;<\/p>\n<div id=\"attachment_92583\" style=\"width: 310px\" class=\"wp-caption alignleft\"><img loading=\"lazy\" decoding=\"async\" aria-describedby=\"caption-attachment-92583\" class=\"wp-image-92583 size-full\" src=\"http:\/\/www.editiondaslabor.de\/blog\/wp-content\/uploads\/2010\/01\/Kutzli.jpg\" alt=\"\" width=\"300\" height=\"249\" srcset=\"http:\/\/www.editiondaslabor.de\/blog\/wp-content\/uploads\/2010\/01\/Kutzli.jpg 300w, http:\/\/www.editiondaslabor.de\/blog\/wp-content\/uploads\/2010\/01\/Kutzli-260x216.jpg 260w, http:\/\/www.editiondaslabor.de\/blog\/wp-content\/uploads\/2010\/01\/Kutzli-160x133.jpg 160w\" sizes=\"auto, (max-width: 300px) 100vw, 300px\" \/><p id=\"caption-attachment-92583\" class=\"wp-caption-text\">Thomas Kutzli, Photo privat<\/p><\/div>\n<p style=\"text-align: justify;\"><strong>Weiterf\u00fchrend \u2192<\/strong>\u00a0Poesie z\u00e4hlt f\u00fcr KUNO weiterhin zu den identit\u00e4ts- und identifikationstiftenden Elementen einer Kultur, dies bezeugte auch der Versuch einer <a href=\"http:\/\/www.editiondaslabor.de\/blog\/?p=25630\">poetologischen Positionsbestimmung<\/a>.<\/p>\n","protected":false},"excerpt":{"rendered":"<p>&nbsp; \u00a0 im feld h\u00fct ich worte f\u00fcr die leblosen dinge dem torbogen sag ich und dem ofen den vers es gibt kaum mehr zauber ich wei\u00df keine spr\u00fcche das alte vergass ich bis auf meinen kamm der wind nimmt&hellip;<\/p>\n<p class=\"more-link-p\"><a class=\"more-link\" href=\"http:\/\/www.editiondaslabor.de\/blog\/2005\/10\/12\/gaensemagd\/\">Read more &rarr;<\/a><\/p>\n","protected":false},"author":160,"featured_media":92583,"comment_status":"closed","ping_status":"closed","sticky":false,"template":"","format":"standard","meta":{"footnotes":""},"categories":[1],"tags":[1917],"class_list":["post-92593","post","type-post","status-publish","format-standard","has-post-thumbnail","hentry","category-literatur","tag-thomas-kutzli"],"_links":{"self":[{"href":"http:\/\/www.editiondaslabor.de\/blog\/wp-json\/wp\/v2\/posts\/92593","targetHints":{"allow":["GET"]}}],"collection":[{"href":"http:\/\/www.editiondaslabor.de\/blog\/wp-json\/wp\/v2\/posts"}],"about":[{"href":"http:\/\/www.editiondaslabor.de\/blog\/wp-json\/wp\/v2\/types\/post"}],"author":[{"embeddable":true,"href":"http:\/\/www.editiondaslabor.de\/blog\/wp-json\/wp\/v2\/users\/160"}],"replies":[{"embeddable":true,"href":"http:\/\/www.editiondaslabor.de\/blog\/wp-json\/wp\/v2\/comments?post=92593"}],"version-history":[{"count":0,"href":"http:\/\/www.editiondaslabor.de\/blog\/wp-json\/wp\/v2\/posts\/92593\/revisions"}],"wp:featuredmedia":[{"embeddable":true,"href":"http:\/\/www.editiondaslabor.de\/blog\/wp-json\/"}],"wp:attachment":[{"href":"http:\/\/www.editiondaslabor.de\/blog\/wp-json\/wp\/v2\/media?parent=92593"}],"wp:term":[{"taxonomy":"category","embeddable":true,"href":"http:\/\/www.editiondaslabor.de\/blog\/wp-json\/wp\/v2\/categories?post=92593"},{"taxonomy":"post_tag","embeddable":true,"href":"http:\/\/www.editiondaslabor.de\/blog\/wp-json\/wp\/v2\/tags?post=92593"}],"curies":[{"name":"wp","href":"https:\/\/api.w.org\/{rel}","templated":true}]}}