{"id":92392,"date":"2009-08-22T00:01:28","date_gmt":"2009-08-21T22:01:28","guid":{"rendered":"http:\/\/www.editiondaslabor.de\/blog\/?p=92392"},"modified":"2022-02-17T18:58:23","modified_gmt":"2022-02-17T17:58:23","slug":"schalksberg","status":"publish","type":"post","link":"http:\/\/www.editiondaslabor.de\/blog\/2009\/08\/22\/schalksberg\/","title":{"rendered":"Schalksberg"},"content":{"rendered":"<p>&nbsp;<\/p>\n<p style=\"text-align: justify;\">Zarte Lichtstreifen zerrinnen am Himmel, wo alles leer ist. F\u00fcr Sekunden h\u00e4ngt der Abend rot im Maul der D\u00e4mmerung, dann frisst die Nacht unten im Tal die letzten sauren Reben von den St\u00f6cken. Reisebusse schn\u00fcffeln mit ihren gelben Lichtern \u00fcber H\u00f6henwege und Klettersteige, auf dem kantigen Mond dar\u00fcber bellen verlorene Hunde wild die Tierkreise durcheinander. Vom Himmel brechen herbe starre Bl\u00fcten ab und sammeln die Angst aus den Vorg\u00e4rten ein. Wo der Himmel aufh\u00f6rt, ist eine Wand, und an der Wand lehnt ein Mann mit eingesunkenen Wangen und abstehenden Ohren. Es ist Gott, und auf der R\u00fcckseite des Photos steht ein Datum.<\/p>\n<p>&nbsp;<\/p>\n<p>&nbsp;<\/p>\n<p>&nbsp;<\/p>\n<div dir=\"auto\" style=\"text-align: justify;\"><\/div>\n<div class=\"j83agx80 cbu4d94t ew0dbk1b irj2b8pg\">\n<div dir=\"auto\" style=\"text-align: justify;\">\n<div id=\"attachment_48604\" style=\"width: 206px\" class=\"wp-caption alignleft\"><a href=\"http:\/\/www.editiondaslabor.de\/blog\/wp-content\/uploads\/2019\/09\/TwitteraturCover-e1555683811601.jpeg\"><img loading=\"lazy\" decoding=\"async\" aria-describedby=\"caption-attachment-48604\" class=\"wp-image-48604 size-medium\" src=\"http:\/\/www.editiondaslabor.de\/blog\/wp-content\/uploads\/2019\/09\/TwitteraturCover-196x300.jpeg\" alt=\"\" width=\"196\" height=\"300\" \/><\/a><p id=\"caption-attachment-48604\" class=\"wp-caption-text\">Das Hungertuch von Haimo Hieronymus in der Martinskirche, Linz am Rhein<\/p><\/div>\n<p><strong>Weiterf\u00fchrend \u2192<\/strong><\/p>\n<p>In den<em> Aufzeichnungen<\/em> von Ralph Pordzik findet sich eine Poesie, die man von den japanischen Haiku kennt, sie scheint auf besondere Weise verf\u00fcgbar und dienstbar zu sein. Diese Notate entsprechen der Denkgenauigkeit der Sp\u00e4tmoderne, es ist <em>Twitteratur<\/em> im besten Sinn. \u2013 Lesen Sie auch einen Essay \u00fcber die neue Literaturgattung <a href=\"http:\/\/www.editiondaslabor.de\/blog\/?p=22423\"><em>Twitteratur<\/em><\/a>.<\/p>\n<p>Bereits von seinem ersten Band<strong> Verabredung mit meinem Publikum<\/strong> war KUNO <a href=\"http:\/\/www.editiondaslabor.de\/blog\/?p=14498\">angetan<\/a>. Auf KUNO lesen Sie auch einen Rezensionsessay von Holger Benkel \u00fcber <a href=\"http:\/\/www.editiondaslabor.de\/blog\/2017\/11\/12\/mit-deutschen-untertiteln\/\">Ralph Pordzik<\/a>\u00a0 \u2013 Poesie ist das identit\u00e4tsstiftende Element der Kultur, KUNOs <a href=\"http:\/\/www.editiondaslabor.de\/blog\/?p=25630\">poetologische Positionsbestimmung<\/a>.<\/p>\n<\/div>\n<div dir=\"auto\" style=\"text-align: justify;\"><\/div>\n<\/div>\n","protected":false},"excerpt":{"rendered":"<p>&nbsp; Zarte Lichtstreifen zerrinnen am Himmel, wo alles leer ist. F\u00fcr Sekunden h\u00e4ngt der Abend rot im Maul der D\u00e4mmerung, dann frisst die Nacht unten im Tal die letzten sauren Reben von den St\u00f6cken. Reisebusse schn\u00fcffeln mit ihren gelben Lichtern&hellip;<\/p>\n<p class=\"more-link-p\"><a class=\"more-link\" href=\"http:\/\/www.editiondaslabor.de\/blog\/2009\/08\/22\/schalksberg\/\">Read more &rarr;<\/a><\/p>\n","protected":false},"author":144,"featured_media":98026,"comment_status":"closed","ping_status":"closed","sticky":false,"template":"","format":"standard","meta":{"footnotes":""},"categories":[1],"tags":[1183],"class_list":["post-92392","post","type-post","status-publish","format-standard","has-post-thumbnail","hentry","category-literatur","tag-ralph-pordzik"],"_links":{"self":[{"href":"http:\/\/www.editiondaslabor.de\/blog\/wp-json\/wp\/v2\/posts\/92392","targetHints":{"allow":["GET"]}}],"collection":[{"href":"http:\/\/www.editiondaslabor.de\/blog\/wp-json\/wp\/v2\/posts"}],"about":[{"href":"http:\/\/www.editiondaslabor.de\/blog\/wp-json\/wp\/v2\/types\/post"}],"author":[{"embeddable":true,"href":"http:\/\/www.editiondaslabor.de\/blog\/wp-json\/wp\/v2\/users\/144"}],"replies":[{"embeddable":true,"href":"http:\/\/www.editiondaslabor.de\/blog\/wp-json\/wp\/v2\/comments?post=92392"}],"version-history":[{"count":1,"href":"http:\/\/www.editiondaslabor.de\/blog\/wp-json\/wp\/v2\/posts\/92392\/revisions"}],"predecessor-version":[{"id":98057,"href":"http:\/\/www.editiondaslabor.de\/blog\/wp-json\/wp\/v2\/posts\/92392\/revisions\/98057"}],"wp:featuredmedia":[{"embeddable":true,"href":"http:\/\/www.editiondaslabor.de\/blog\/wp-json\/wp\/v2\/media\/98026"}],"wp:attachment":[{"href":"http:\/\/www.editiondaslabor.de\/blog\/wp-json\/wp\/v2\/media?parent=92392"}],"wp:term":[{"taxonomy":"category","embeddable":true,"href":"http:\/\/www.editiondaslabor.de\/blog\/wp-json\/wp\/v2\/categories?post=92392"},{"taxonomy":"post_tag","embeddable":true,"href":"http:\/\/www.editiondaslabor.de\/blog\/wp-json\/wp\/v2\/tags?post=92392"}],"curies":[{"name":"wp","href":"https:\/\/api.w.org\/{rel}","templated":true}]}}