{"id":92249,"date":"1996-12-30T00:01:41","date_gmt":"1996-12-29T23:01:41","guid":{"rendered":"http:\/\/www.editiondaslabor.de\/blog\/?p=92249"},"modified":"2024-08-17T13:12:28","modified_gmt":"2024-08-17T11:12:28","slug":"herr-von-ribbeck-auf-ribbeck-im-havelland","status":"publish","type":"post","link":"http:\/\/www.editiondaslabor.de\/blog\/1996\/12\/30\/herr-von-ribbeck-auf-ribbeck-im-havelland\/","title":{"rendered":"Herr von Ribbeck auf Ribbeck im Havelland"},"content":{"rendered":"<p>&nbsp;<\/p>\r\n<p>Herr von Ribbeck auf Ribbeck im Havelland,<br \/>ein Birnbaum in seinem Garten stand,<br \/>und kam die goldene Herbsteszeit<br \/>und die Birnen leuchteten weit und breit,<br \/>da stopfte, wenn`s Mittag vom Turme scholl,<br \/>der von Ribbeck sich beide Taschen voll,<br \/>und kam in Pantinen ein Junge daher,<br \/>so rief er \u201eJunge wisste `ne Beer?&#8220;<br \/>Und kam ein M\u00e4del, so rief er \u201eL\u00fctt Dirn,<br \/>kumm man r\u00f6wer, ick hebb `ne Birn.&#8220;<\/p>\r\n<p>So ging es viel Jahre, bis lobesam<br \/>Der von Ribbeck auf Ribbeck zum sterben kam.<br \/>Er f\u00fchlte sein Ende, `s war Herbsteszeit,<br \/>wieder lachten die Birnen weit und breit.<br \/>Da sagte von Ribbeck \u201eIch scheide nun ab.<br \/>Legt mir eine Birne mit ins Grab.&#8220;<br \/>Und drei Tage drauf, aus dem Doppeldachhaus,<br \/>trugen von Ribbeck sie hinaus.<br \/>Alle Bauern und B\u00fcdner mit Feiergesicht<br \/>Sangen \u201eJesus meine Zuversicht.&#8220;<br \/>Und die Kinder klagten, des Herze schwer<br \/>\u201eHe is dod nu. Wer giwt uns nu `ne Beer?&#8220;<\/p>\r\n<p>So klagten die Kinder. Das war nicht recht &#8211;<br \/>Ach, sie kannten den alten Ribbeck schlecht,<br \/>der neue freilich, der knausert und spart,<br \/>h\u00e4lt Park und Birnbaum strenge verwahrt.<br \/>Aber der alte, vorahnend schon<br \/>Und voll Mi\u00dftrauen gegen den eigenen Sohn,<br \/>der wu\u00dfte genau, was damals er tat,<br \/>als um eine Birn` ins Grab er bat.<br \/>Und im dritten Jahr aus dem stillen Haus<br \/>Ein Birnbaumspr\u00f6\u00dfling spro\u00dft heraus.<\/p>\r\n<p>Und die Jahre gingen wohl auf und ab,<br \/>l\u00e4ngst w\u00f6lbt sich ein Birnbaum \u00fcber dem Grab,<br \/>und in der goldenen Herbsteszeit<br \/>leuchtest`s wieder weit und breit.<br \/>Und kommt ein Jung` \u00fcbern Kirchhof her,<br \/>so fl\u00fcstert`s im Baume \u201eWiste `ne Beer?&#8220;<br \/>Und kommt ein M\u00e4del, so fl\u00fcstert`s \u201eL\u00fctt Dirn,<br \/>kumm man r\u00f6wer, ick gew`di `ne Birn.&#8220;<\/p>\r\n<p>So spendet Segen noch immer die Hand<br \/>Des von Ribbeck auf Ribbeck im Havelland.<\/p>\r\n<p>&nbsp;<\/p>\r\n<p>&nbsp;<\/p>\r\n<p>&nbsp;<\/p>\r\n<p>&nbsp;<\/p>\r\n<!-- \/wp:post-content -->\r\n\r\n<!-- wp:paragraph {\"align\":\"center\"} -->\r\n<p style=\"text-align: center;\">***<\/p>\r\n<!-- \/wp:paragraph -->\r\n\r\n<!-- wp:image {\"id\":60132,\"align\":\"left\",\"width\":220,\"height\":277} -->\r\n<div class=\"wp-block-image\">\r\n<figure class=\"alignleft is-resized\">\r\n<div id=\"attachment_60132\" style=\"width: 230px\" class=\"wp-caption alignnone\"><img loading=\"lazy\" decoding=\"async\" aria-describedby=\"caption-attachment-60132\" class=\"wp-image-60132\" src=\"http:\/\/www.editiondaslabor.de\/blog\/wp-content\/uploads\/2019\/12\/440px-Theodor_Fontane.png\" alt=\"\" width=\"220\" height=\"277\" srcset=\"http:\/\/www.editiondaslabor.de\/blog\/wp-content\/uploads\/2019\/12\/440px-Theodor_Fontane.png 440w, http:\/\/www.editiondaslabor.de\/blog\/wp-content\/uploads\/2019\/12\/440px-Theodor_Fontane-239x300.png 239w, http:\/\/www.editiondaslabor.de\/blog\/wp-content\/uploads\/2019\/12\/440px-Theodor_Fontane-260x327.png 260w, http:\/\/www.editiondaslabor.de\/blog\/wp-content\/uploads\/2019\/12\/440px-Theodor_Fontane-160x201.png 160w\" sizes=\"auto, (max-width: 220px) 100vw, 220px\" \/><p id=\"caption-attachment-60132\" class=\"wp-caption-text\">Theodor Fontane (1883) (Gem\u00e4lde von Carl Breitbach)<\/p><\/div>\r\n<\/figure>\r\n<\/div>\r\n<!-- \/wp:image -->\r\n\r\n<!-- wp:paragraph -->\r\n<p style=\"text-align: justify;\">Theodor Fontane erz\u00e4hlt die Geschichte des freigiebigen <i>Herrn von Ribbeck auf Ribbeck im Havelland<\/i>. Dieser verschenkt die Birnen des Baumes in seinem Garten an vorbeikommende Kinder, die er in m\u00e4rkischem Platt anspricht (\u201eL\u00fctt Dirn, kumm man r\u00f6wer, ick hebb \u2019ne Birn\u201c). Sein Sohn dagegen ist geizig. Als der alte Ribbeck seinen Tod nahen f\u00fchlt, verf\u00fcgt er, dass ihm eine Birne mit in sein Grab gelegt werde. Aus dieser sprie\u00dft ein neuer Birnbaum, von dessen Fr\u00fcchten sich die Kinder weiterhin frei bedienen k\u00f6nnen, obwohl sein Erbe den Garten und den dortigen Baum fortan unter Verschluss h\u00e4lt.<\/p>\r\n<p style=\"text-align: justify;\"><strong>W<\/strong><strong>eiterf\u00fchrend \u2192<\/strong> Poesie ist das identit\u00e4tsstiftende Element der Kultur, KUNOs <a href=\"http:\/\/www.editiondaslabor.de\/blog\/?p=25630\">poetologische Positionsbestimmung<\/a>.<\/p>","protected":false},"excerpt":{"rendered":"<p>&nbsp; Herr von Ribbeck auf Ribbeck im Havelland,ein Birnbaum in seinem Garten stand,und kam die goldene Herbsteszeitund die Birnen leuchteten weit und breit,da stopfte, wenn`s Mittag vom Turme scholl,der von Ribbeck sich beide Taschen voll,und kam in Pantinen ein Junge&hellip;<\/p>\n<p class=\"more-link-p\"><a class=\"more-link\" href=\"http:\/\/www.editiondaslabor.de\/blog\/1996\/12\/30\/herr-von-ribbeck-auf-ribbeck-im-havelland\/\">Read more &rarr;<\/a><\/p>\n","protected":false},"author":191,"featured_media":100258,"comment_status":"closed","ping_status":"closed","sticky":false,"template":"","format":"standard","meta":{"footnotes":""},"categories":[1],"tags":[],"class_list":["post-92249","post","type-post","status-publish","format-standard","has-post-thumbnail","hentry","category-literatur"],"_links":{"self":[{"href":"http:\/\/www.editiondaslabor.de\/blog\/wp-json\/wp\/v2\/posts\/92249","targetHints":{"allow":["GET"]}}],"collection":[{"href":"http:\/\/www.editiondaslabor.de\/blog\/wp-json\/wp\/v2\/posts"}],"about":[{"href":"http:\/\/www.editiondaslabor.de\/blog\/wp-json\/wp\/v2\/types\/post"}],"author":[{"embeddable":true,"href":"http:\/\/www.editiondaslabor.de\/blog\/wp-json\/wp\/v2\/users\/191"}],"replies":[{"embeddable":true,"href":"http:\/\/www.editiondaslabor.de\/blog\/wp-json\/wp\/v2\/comments?post=92249"}],"version-history":[{"count":1,"href":"http:\/\/www.editiondaslabor.de\/blog\/wp-json\/wp\/v2\/posts\/92249\/revisions"}],"predecessor-version":[{"id":100262,"href":"http:\/\/www.editiondaslabor.de\/blog\/wp-json\/wp\/v2\/posts\/92249\/revisions\/100262"}],"wp:featuredmedia":[{"embeddable":true,"href":"http:\/\/www.editiondaslabor.de\/blog\/wp-json\/wp\/v2\/media\/100258"}],"wp:attachment":[{"href":"http:\/\/www.editiondaslabor.de\/blog\/wp-json\/wp\/v2\/media?parent=92249"}],"wp:term":[{"taxonomy":"category","embeddable":true,"href":"http:\/\/www.editiondaslabor.de\/blog\/wp-json\/wp\/v2\/categories?post=92249"},{"taxonomy":"post_tag","embeddable":true,"href":"http:\/\/www.editiondaslabor.de\/blog\/wp-json\/wp\/v2\/tags?post=92249"}],"curies":[{"name":"wp","href":"https:\/\/api.w.org\/{rel}","templated":true}]}}