{"id":91996,"date":"2005-02-12T00:01:21","date_gmt":"2005-02-11T23:01:21","guid":{"rendered":"http:\/\/www.editiondaslabor.de\/blog\/?p=91996"},"modified":"2022-02-17T21:40:15","modified_gmt":"2022-02-17T20:40:15","slug":"durch-dich","status":"publish","type":"post","link":"http:\/\/www.editiondaslabor.de\/blog\/2005\/02\/12\/durch-dich\/","title":{"rendered":"Durch Dich"},"content":{"rendered":"<p>&nbsp;<\/p>\n<p>Was nur das Leben fasst an Allgewalten &#8211;<br \/>\nDurch Dich allein ergriff es mein Gem\u00fct,<br \/>\nZugleich in Leidenschaft und H\u00e4ndefalten,<br \/>\nHab ich in Dir vor Gott gekniet.<\/p>\n<p>Durch Dich allein auch ist die tiefste Wunde<br \/>\nAuf immer meinem Leben eingebrannt,<br \/>\nDa ich, in verge\u00dflich dunkler Stunde,<br \/>\nIm Gott das Menschenbild erkannt.<\/p>\n<p>Hab Dank f\u00fcr alles, was Du mir gegeben!<br \/>\nDas H\u00f6chst&#8216; und Tiefste, das wir Menschen haben &#8211;<br \/>\nDurch Dich ward&#8217;s mein in schweigendem Erleben:<br \/>\nDen Gott zu schau&#8217;n &#8211; und zu begraben.<\/p>\n<p>&nbsp;<\/p>\n<p>&nbsp;<\/p>\n<p>&nbsp;<\/p>\n<p>&nbsp;<\/p>\n<p>&nbsp;<\/p>\n<p>&nbsp;<\/p>\n<div id=\"attachment_91994\" style=\"width: 216px\" class=\"wp-caption alignleft\"><a href=\"http:\/\/www.editiondaslabor.de\/blog\/wp-content\/uploads\/1995\/02\/Lou_Andreas-Salome\u0301_-_Foto_Atelier_Elvira-scaled.jpg\"><img loading=\"lazy\" decoding=\"async\" aria-describedby=\"caption-attachment-91994\" class=\"wp-image-91994 size-medium\" src=\"http:\/\/www.editiondaslabor.de\/blog\/wp-content\/uploads\/1995\/02\/Lou_Andreas-Salome\u0301_-_Foto_Atelier_Elvira-206x300.jpg\" alt=\"\" width=\"206\" height=\"300\" srcset=\"http:\/\/www.editiondaslabor.de\/blog\/wp-content\/uploads\/1995\/02\/Lou_Andreas-Salome\u0301_-_Foto_Atelier_Elvira-206x300.jpg 206w, http:\/\/www.editiondaslabor.de\/blog\/wp-content\/uploads\/1995\/02\/Lou_Andreas-Salome\u0301_-_Foto_Atelier_Elvira-703x1024.jpg 703w, http:\/\/www.editiondaslabor.de\/blog\/wp-content\/uploads\/1995\/02\/Lou_Andreas-Salome\u0301_-_Foto_Atelier_Elvira-768x1119.jpg 768w, http:\/\/www.editiondaslabor.de\/blog\/wp-content\/uploads\/1995\/02\/Lou_Andreas-Salome\u0301_-_Foto_Atelier_Elvira-1054x1536.jpg 1054w, http:\/\/www.editiondaslabor.de\/blog\/wp-content\/uploads\/1995\/02\/Lou_Andreas-Salome\u0301_-_Foto_Atelier_Elvira-1406x2048.jpg 1406w, http:\/\/www.editiondaslabor.de\/blog\/wp-content\/uploads\/1995\/02\/Lou_Andreas-Salome\u0301_-_Foto_Atelier_Elvira-560x816.jpg 560w, http:\/\/www.editiondaslabor.de\/blog\/wp-content\/uploads\/1995\/02\/Lou_Andreas-Salome\u0301_-_Foto_Atelier_Elvira-260x379.jpg 260w, http:\/\/www.editiondaslabor.de\/blog\/wp-content\/uploads\/1995\/02\/Lou_Andreas-Salome\u0301_-_Foto_Atelier_Elvira-160x233.jpg 160w, http:\/\/www.editiondaslabor.de\/blog\/wp-content\/uploads\/1995\/02\/Lou_Andreas-Salome\u0301_-_Foto_Atelier_Elvira-scaled.jpg 1757w\" sizes=\"auto, (max-width: 206px) 100vw, 206px\" \/><\/a><p id=\"caption-attachment-91994\" class=\"wp-caption-text\">Lou Andreas-Salom\u00e9, aufgenommen im Photoatelier Elvira, M\u00fcnchen<\/p><\/div>\n<p style=\"text-align: justify;\">Lou Andreas-Salom\u00e9s oft ger\u00fchmte pers\u00f6nliche Ausstrahlung, ihre Bildung und intellektuelle Beweglichkeit, die Freundschaft mit namhaften Zeitgenossen und ihre unkonventionelle Lebensf\u00fchrung sicherten ihr einen Platz in der deutschen Kulturgeschichte. Ihr Leben war und ist Gegenstand von Biographien, Romanliteratur, Musiktheater (der Oper <em>Lou Salom\u00e9<\/em> von Giuseppe Sinopoli (Libretto: Karl Dietrich Gr\u00e4we) zum Beispiel, die 1981 in M\u00fcnchen uraufgef\u00fchrt wurde) und anderen Texten, in denen ihre Kontakte zu Ber\u00fchmtheiten der Literatur- und Wissenschaftsgeschichte er\u00f6rtert werden.<\/p>\n<p style=\"text-align: justify;\">Verglichen damit fand ihr eigenes schriftstellerisches Werk seither wenig Beachtung \u2013 es verschwand hinter der au\u00dfergew\u00f6hnlichen Geschichte ihres Lebens, dem will KUNO abhelfen. Als renommierte Autorin hatte sie an der Entwicklung der Positionen der Moderne um 1900 lebhaft mitgewirkt. In Romanen, Erz\u00e4hlungen, Essays, Theaterkritiken, zahlreichen Texten \u00fcber Philosophie und Psychoanalyse, einem weitl\u00e4ufigen Briefwechsel beteiligte sie sich an den Diskussionen \u00fcber grundlegende Fragen der Zeit.<\/p>\n<p style=\"text-align: justify;\"><strong>Weiterf\u00fchrend \u2192<\/strong>\u00a0Poesie z\u00e4hlt f\u00fcr KUNO weiterhin zu den identit\u00e4ts- und identifikationstiftenden Elementen einer Kultur, dies bezeugte auch der Versuch einer <a href=\"http:\/\/www.editiondaslabor.de\/blog\/?p=25630\">poetologischen Positionsbestimmung<\/a>.<\/p>\n","protected":false},"excerpt":{"rendered":"<p>&nbsp; Was nur das Leben fasst an Allgewalten &#8211; Durch Dich allein ergriff es mein Gem\u00fct, Zugleich in Leidenschaft und H\u00e4ndefalten, Hab ich in Dir vor Gott gekniet. Durch Dich allein auch ist die tiefste Wunde Auf immer meinem Leben&hellip;<\/p>\n<p class=\"more-link-p\"><a class=\"more-link\" href=\"http:\/\/www.editiondaslabor.de\/blog\/2005\/02\/12\/durch-dich\/\">Read more &rarr;<\/a><\/p>\n","protected":false},"author":232,"featured_media":98152,"comment_status":"closed","ping_status":"closed","sticky":false,"template":"","format":"standard","meta":{"footnotes":""},"categories":[1],"tags":[3134],"class_list":["post-91996","post","type-post","status-publish","format-standard","has-post-thumbnail","hentry","category-literatur","tag-lou-andreas-salome"],"_links":{"self":[{"href":"http:\/\/www.editiondaslabor.de\/blog\/wp-json\/wp\/v2\/posts\/91996","targetHints":{"allow":["GET"]}}],"collection":[{"href":"http:\/\/www.editiondaslabor.de\/blog\/wp-json\/wp\/v2\/posts"}],"about":[{"href":"http:\/\/www.editiondaslabor.de\/blog\/wp-json\/wp\/v2\/types\/post"}],"author":[{"embeddable":true,"href":"http:\/\/www.editiondaslabor.de\/blog\/wp-json\/wp\/v2\/users\/232"}],"replies":[{"embeddable":true,"href":"http:\/\/www.editiondaslabor.de\/blog\/wp-json\/wp\/v2\/comments?post=91996"}],"version-history":[{"count":1,"href":"http:\/\/www.editiondaslabor.de\/blog\/wp-json\/wp\/v2\/posts\/91996\/revisions"}],"predecessor-version":[{"id":98160,"href":"http:\/\/www.editiondaslabor.de\/blog\/wp-json\/wp\/v2\/posts\/91996\/revisions\/98160"}],"wp:featuredmedia":[{"embeddable":true,"href":"http:\/\/www.editiondaslabor.de\/blog\/wp-json\/wp\/v2\/media\/98152"}],"wp:attachment":[{"href":"http:\/\/www.editiondaslabor.de\/blog\/wp-json\/wp\/v2\/media?parent=91996"}],"wp:term":[{"taxonomy":"category","embeddable":true,"href":"http:\/\/www.editiondaslabor.de\/blog\/wp-json\/wp\/v2\/categories?post=91996"},{"taxonomy":"post_tag","embeddable":true,"href":"http:\/\/www.editiondaslabor.de\/blog\/wp-json\/wp\/v2\/tags?post=91996"}],"curies":[{"name":"wp","href":"https:\/\/api.w.org\/{rel}","templated":true}]}}