{"id":91904,"date":"1989-01-18T00:01:20","date_gmt":"1989-01-17T23:01:20","guid":{"rendered":"http:\/\/www.editiondaslabor.de\/blog\/?p=91904"},"modified":"2026-01-22T04:36:23","modified_gmt":"2026-01-22T03:36:23","slug":"rebell","status":"publish","type":"post","link":"http:\/\/www.editiondaslabor.de\/blog\/1989\/01\/18\/rebell\/","title":{"rendered":"Ein Rebell mit Anlass, aber keinem Grund"},"content":{"rendered":"<p style=\"text-align: right;\"><span style=\"color: #999999;\">Die D\u00fcsseldorfer Literaturszene in den sp\u00e4ten 1980er und fr\u00fchen 1990er Jahren war ein Schmelztiegel kreativer Str\u00f6mungen, in dem sich dynamische, oft rebellische Stimmen gegen die Konventionen der etablierten Literatur erhoben. In dieser vielf\u00e4ltigen Landschaft trat Weigoni hervor, dessen einzigartige Mischung aus provokantem Auftreten und innerer Sensibilit\u00e4t ihn zu einer pr\u00e4gnanten Figur machte.<\/span><\/p>\r\n<div id=\"attachment_91906\" style=\"width: 772px\" class=\"wp-caption aligncenter\"><a href=\"http:\/\/www.editiondaslabor.de\/blog\/wp-content\/uploads\/1989\/01\/VeraStrange.pdf.jpg\"><img loading=\"lazy\" decoding=\"async\" aria-describedby=\"caption-attachment-91906\" class=\"wp-image-91906 size-full\" src=\"http:\/\/www.editiondaslabor.de\/blog\/wp-content\/uploads\/1989\/01\/VeraStrange.pdf.jpg\" alt=\"\" width=\"762\" height=\"814\" srcset=\"http:\/\/www.editiondaslabor.de\/blog\/wp-content\/uploads\/1989\/01\/VeraStrange.pdf.jpg 762w, http:\/\/www.editiondaslabor.de\/blog\/wp-content\/uploads\/1989\/01\/VeraStrange.pdf-281x300.jpg 281w, http:\/\/www.editiondaslabor.de\/blog\/wp-content\/uploads\/1989\/01\/VeraStrange.pdf-560x598.jpg 560w, http:\/\/www.editiondaslabor.de\/blog\/wp-content\/uploads\/1989\/01\/VeraStrange.pdf-260x278.jpg 260w, http:\/\/www.editiondaslabor.de\/blog\/wp-content\/uploads\/1989\/01\/VeraStrange.pdf-160x171.jpg 160w\" sizes=\"auto, (max-width: 762px) 100vw, 762px\" \/><\/a><p id=\"caption-attachment-91906\" class=\"wp-caption-text\">Andr\u00e1s (A. J.) Weigoni (* 18. Januar 1956 in Budapest\/Ungarn, Flucht mit den Eltern nach dem Volksaufstand; \u2020 26. Januar 2021 in D\u00fcsseldorf), Portr\u00e4t: Thomas Suder<\/p><\/div>\r\n<p style=\"text-align: justify;\">Weigonis Auftreten war gepr\u00e4gt von einer Form der Rebellion, die sich nicht nur in seinen literarischen Texten, sondern auch in seiner Pers\u00f6nlichkeit widerspiegelte. Sein br\u00fcskes Arschlochgehabe bot einen Kontrapunkt zu der oft nostalgischen und gef\u00fchlvollen Lyrik, die damals vorherrschte. In seinen Texten suchte er aktiv den Konflikt: Er stellte nicht nur den Status quo in Frage, sondern provozierte auch die Leser, ihre eigenen \u00dcberzeugungen zu hinterfragen. Die Balance zwischen rauem, oft derb klingendem Humor und einer verborgenen Sensibilit\u00e4t machte seine Werke faszinierend und komplex.<\/p>\r\n<p style=\"text-align: justify;\">In diesen Jahren engagierte sich Weigoni aktiv in verschiedenen literarischen Initiativen und Leseb\u00fchnen. Diese Zeit war gepr\u00e4gt von einem Schattenspiel zwischen traditionellen und avantgardistischen Str\u00f6mungen. Er war ein fester Bestandteil der sogenannten \u201eliterarischen Revolte\u201c, einer Bewegung, die sich gegen die stagnierenden Strukturen der Literaturszene auflehnte. Seine Lesungen waren ein Erlebnis: Mit ironischem Unterton und einer bemerkenswerten Mimik brachte er selbst die ernstesten Themen auf eine f\u00fcr die Zuh\u00f6rer greifbare Ebene. Weigonis Art, mit dem Publikum zu interagieren, f\u00f6rderte eine Art des Dialogs, die bis dahin in der D\u00fcsseldorfer Literaturszene selten war. Hier verband er die direkte Ansprache seiner Zuh\u00f6rer mit poetischen H\u00f6hepunkten und schuf so eine unmittelbare Verbindung zu seinem Publikum.<\/p>\r\n<p style=\"text-align: justify;\">Die Ver\u00f6ffentlichung seiner Texte in literarischen Magazinen und Anthologien festigte seinen Ruf in der nonkonformistischen Szene. Sein Stil war gepr\u00e4gt von Sprachspielereien und einer kompromisslosen Ehrlichkeit, die oft verletzliche Aspekte menschlicher Beziehungen thematisierte. Indem Weigoni pers\u00f6nliche Erfahrungen und gesellschaftliche Beobachtungen verband, erzeugte er ein literarisches Werk, das sowohl individuell als auch universell nachvollziehbar war.<\/p>\r\n<p style=\"text-align: justify;\">Die Rezeption seiner Arbeiten war unterschiedlich, jedoch konnte niemand seine Relevanz ignorieren. Kritiker lobten seine F\u00e4higkeit, die Leserschaft zu provozieren und zum Nachdenken anzuregen. Gleichzeitig gab es Stimmen, die sein \u201ebr\u00fcsker\u201c Stil als herausfordernd und anst\u00f6\u00dfig empfanden. Diese ambivalente Reaktion zeigte jedoch, dass Weigoni seine Zielgruppe effektiv erreicht hatte und die Diskussion \u00fcber Literatur neu ankurbelte.<\/p>\r\n<p style=\"text-align: justify;\">Nonkonformisten stellen <span class=\"Y2IQFc\" lang=\"de\">gesellschaftliche Erwartungen und Normen in Frage. <\/span>Die fr\u00fchen T\u00e4tigkeiten von Weigoni in der literarischen Szene D\u00fcsseldorfs zeigen eindrucksvoll, wie ein provokanter Stil in der Literatur nicht nur unterhalten, sondern auch zum kritischen Denken anregen kann. Durch seine rebellische Haltung und die Mischung aus Humor und Sensibilit\u00e4t hat er sich einen festen Platz in der nonkonformistischen Literaturszene erobert und bleibt bis heute eine inspirierende Figur f\u00fcr aufstrebende Schriftsteller. Weigoni ist nicht nur ein Beispiel f\u00fcr den Geist der Zeit; sein Werk ist ein lebendiges Zeugnis f\u00fcr die Kraft der Literatur, gesellschaftliche Normen herauszufordern und den Dialog zu f\u00f6rdern.<\/p>\r\n<p>&nbsp;<\/p>\r\n<p class=\"has-text-align-center\" style=\"text-align: center;\">***<\/p>\r\n<p style=\"text-align: justify;\"><!-- \/wp:post-content -->\r\n\r\n<!-- wp:paragraph --><\/p>\r\n<p style=\"text-align: justify;\"><strong>The last pop-songs<\/strong>, von A.J. Weigoni und Frank Michaelis (mit\u00a0Marion Haberstroh und Andy Schulz) bei <em>instant music<\/em>, D\u00fcsseldorf 1989<\/p>\r\n<p style=\"text-align: justify;\"><!-- \/wp:paragraph -->\r\n\r\n<!-- wp:paragraph --><\/p>\r\n<p style=\"text-align: justify;\">Die Aufnahme ist in HiFi-Stereo-Qualit\u00e4t erh\u00e4ltlich \u00fcber:\u00a0 info@tonstudio-an-der-ruhr.de<\/p>\r\n<p style=\"text-align: justify;\"><!-- \/wp:paragraph -->\r\n\r\n<!-- wp:image {\"align\":\"left\",\"id\":65180,\"width\":176,\"height\":256,\"sizeSlug\":\"large\"} --><\/p>\r\n<div class=\"wp-block-image\" style=\"text-align: justify;\">\r\n<figure class=\"alignleft size-large is-resized\">\r\n<div id=\"attachment_65180\" style=\"width: 186px\" class=\"wp-caption alignleft\"><img loading=\"lazy\" decoding=\"async\" aria-describedby=\"caption-attachment-65180\" class=\"wp-image-65180\" src=\"http:\/\/www.editiondaslabor.de\/blog\/wp-content\/uploads\/2020\/06\/image-705x1024.jpeg\" alt=\"\" width=\"176\" height=\"256\" srcset=\"http:\/\/www.editiondaslabor.de\/blog\/wp-content\/uploads\/2020\/06\/image-705x1024.jpeg 705w, http:\/\/www.editiondaslabor.de\/blog\/wp-content\/uploads\/2020\/06\/image-207x300.jpeg 207w, http:\/\/www.editiondaslabor.de\/blog\/wp-content\/uploads\/2020\/06\/image-560x814.jpeg 560w, http:\/\/www.editiondaslabor.de\/blog\/wp-content\/uploads\/2020\/06\/image-260x378.jpeg 260w, http:\/\/www.editiondaslabor.de\/blog\/wp-content\/uploads\/2020\/06\/image-160x232.jpeg 160w, http:\/\/www.editiondaslabor.de\/blog\/wp-content\/uploads\/2020\/06\/image.jpeg 709w\" sizes=\"auto, (max-width: 176px) 100vw, 176px\" \/><p id=\"caption-attachment-65180\" class=\"wp-caption-text\">Photo: Anja Roth<\/p><\/div>\r\n<\/figure>\r\n<\/div>\r\n<p style=\"text-align: justify;\"><!-- \/wp:image -->\r\n\r\n<!-- wp:paragraph --><\/p>\r\n<p style=\"text-align: justify;\">Wie das englische Wort lyrics (f\u00fcr Liedtext) verr\u00e4t, basierten die antiken Vorl\u00e4ufer der Popmusik auf Texten, die zu den Kl\u00e4ngen der Lyra vorgetragen wurden. Tonmeister <a href=\"http:\/\/www.editiondaslabor.de\/blog\/?p=6174\">Tom T\u00e4ger<\/a> hat das 1989 produzierte Tape <em>the last pop-songs<\/em> (vom <a href=\"http:\/\/de.wikipedia.org\/wiki\/Digital_Audio_Tape\">DAT<\/a>) digital remastered. Frank Michaelis und A.J. Weigoni haben die Energie und die Einfachheit von Pop genutzt, um komplexere Emotionen auszudr\u00fccken. Es ist beeindruckend, wie unbek\u00fcmmert sie Stile, Genres und Ausdrucksmittel mischen. So entsteht eine intermediale Literatur, Poetry slams und Songtexte werden als k\u00fcnstlerische Artefakte wahrgenommen, die es mit \u201aklassischer\u2018 Literatur aufnehmen kann. Sie h\u00f6ren ein Denkspiel \u00fcber Pop, das selbst Pop ist, weil es Pop als k\u00f6rperverwandelndes Medium versteht und Popgeschichte als Mediengeschichte. <a href=\"http:\/\/www.vordenker.de\/metaphon.htm\">MetaPhon<\/a> pr\u00e4sentiert in der Reihe <em>Revisited<\/em> einen R\u00fcckblick auf &#8222;The Best Of Jugends\u00fcnden&#8220;.<\/p>","protected":false},"excerpt":{"rendered":"<p>Die D\u00fcsseldorfer Literaturszene in den sp\u00e4ten 1980er und fr\u00fchen 1990er Jahren war ein Schmelztiegel kreativer Str\u00f6mungen, in dem sich dynamische, oft rebellische Stimmen gegen die Konventionen der etablierten Literatur erhoben. In dieser vielf\u00e4ltigen Landschaft trat Weigoni hervor, dessen einzigartige Mischung&hellip;<\/p>\n<p class=\"more-link-p\"><a class=\"more-link\" href=\"http:\/\/www.editiondaslabor.de\/blog\/1989\/01\/18\/rebell\/\">Read more &rarr;<\/a><\/p>\n","protected":false},"author":2,"featured_media":100922,"comment_status":"closed","ping_status":"closed","sticky":false,"template":"","format":"standard","meta":{"footnotes":""},"categories":[1],"tags":[628],"class_list":["post-91904","post","type-post","status-publish","format-standard","has-post-thumbnail","hentry","category-literatur","tag-a-j-weigoni"],"_links":{"self":[{"href":"http:\/\/www.editiondaslabor.de\/blog\/wp-json\/wp\/v2\/posts\/91904","targetHints":{"allow":["GET"]}}],"collection":[{"href":"http:\/\/www.editiondaslabor.de\/blog\/wp-json\/wp\/v2\/posts"}],"about":[{"href":"http:\/\/www.editiondaslabor.de\/blog\/wp-json\/wp\/v2\/types\/post"}],"author":[{"embeddable":true,"href":"http:\/\/www.editiondaslabor.de\/blog\/wp-json\/wp\/v2\/users\/2"}],"replies":[{"embeddable":true,"href":"http:\/\/www.editiondaslabor.de\/blog\/wp-json\/wp\/v2\/comments?post=91904"}],"version-history":[{"count":4,"href":"http:\/\/www.editiondaslabor.de\/blog\/wp-json\/wp\/v2\/posts\/91904\/revisions"}],"predecessor-version":[{"id":107045,"href":"http:\/\/www.editiondaslabor.de\/blog\/wp-json\/wp\/v2\/posts\/91904\/revisions\/107045"}],"wp:featuredmedia":[{"embeddable":true,"href":"http:\/\/www.editiondaslabor.de\/blog\/wp-json\/wp\/v2\/media\/100922"}],"wp:attachment":[{"href":"http:\/\/www.editiondaslabor.de\/blog\/wp-json\/wp\/v2\/media?parent=91904"}],"wp:term":[{"taxonomy":"category","embeddable":true,"href":"http:\/\/www.editiondaslabor.de\/blog\/wp-json\/wp\/v2\/categories?post=91904"},{"taxonomy":"post_tag","embeddable":true,"href":"http:\/\/www.editiondaslabor.de\/blog\/wp-json\/wp\/v2\/tags?post=91904"}],"curies":[{"name":"wp","href":"https:\/\/api.w.org\/{rel}","templated":true}]}}