{"id":91878,"date":"2005-07-29T00:01:36","date_gmt":"2005-07-28T22:01:36","guid":{"rendered":"http:\/\/www.editiondaslabor.de\/blog\/?p=91878"},"modified":"2021-09-06T06:15:46","modified_gmt":"2021-09-06T04:15:46","slug":"sieben-gedichte-vi","status":"publish","type":"post","link":"http:\/\/www.editiondaslabor.de\/blog\/2005\/07\/29\/sieben-gedichte-vi\/","title":{"rendered":"Sieben Gedichte VI"},"content":{"rendered":"<p>&nbsp;<\/p>\n<p>&nbsp;<\/p>\n<p>Wem sind wir nah? Dem Tode oder dem,<\/p>\n<p>was noch nicht ist? Was w\u00e4re Lehm an Lehm,<\/p>\n<p>formte der Gott nicht f\u00fchlend die Figur,<\/p>\n<p>die zwischen uns erw\u00e4chst. Begreife nur:<\/p>\n<p>das ist mein K\u00f6rper, welcher aufersteht.<\/p>\n<p>Nun hilf ihm leise aus dem hei\u00dfen Grabe<\/p>\n<p>in jenen Himmel, den ich in dir habe:<\/p>\n<p>da\u00df k\u00fchn aus ihm das \u00dcberleben geht.<\/p>\n<p>Du junger Ort, der tiefen Himmelfahrt.<\/p>\n<p>Du dunkle Luft voll sommerlicher Pollen.<\/p>\n<p>Wenn ihre tausend Geister in dir tollen,<\/p>\n<p>wird meine steife Leiche wieder zart.<\/p>\n<p>&nbsp;<\/p>\n<p>&nbsp;<\/p>\n<p>&nbsp;<\/p>\n<p style=\"text-align: justify;\"><strong><a href=\"http:\/\/www.editiondaslabor.de\/blog\/wp-content\/uploads\/2025\/11\/Rainer_Maria_Rilke_1900.jpg\"><img loading=\"lazy\" decoding=\"async\" class=\"size-medium wp-image-82513 alignright\" src=\"http:\/\/www.editiondaslabor.de\/blog\/wp-content\/uploads\/2025\/11\/Rainer_Maria_Rilke_1900-188x300.jpg\" alt=\"\" width=\"188\" height=\"300\" srcset=\"http:\/\/www.editiondaslabor.de\/blog\/wp-content\/uploads\/2025\/11\/Rainer_Maria_Rilke_1900-188x300.jpg 188w, http:\/\/www.editiondaslabor.de\/blog\/wp-content\/uploads\/2025\/11\/Rainer_Maria_Rilke_1900-260x416.jpg 260w, http:\/\/www.editiondaslabor.de\/blog\/wp-content\/uploads\/2025\/11\/Rainer_Maria_Rilke_1900-160x256.jpg 160w, http:\/\/www.editiondaslabor.de\/blog\/wp-content\/uploads\/2025\/11\/Rainer_Maria_Rilke_1900.jpg 300w\" sizes=\"auto, (max-width: 188px) 100vw, 188px\" \/><\/a><\/strong>Mit seiner in den <i>Neuen Gedichten<\/i> vollendeten, von der bildenden Kunst beeinflussten Dinglyrik gilt Rainer Maria Rilke. als einer der bedeutendsten Dichter der literarischen Moderne.<\/p>\n<p style=\"text-align: justify;\"><strong>Weiterf\u00fchrend \u2192<\/strong> Lesen Sie auch den Essay von Rainer Maria Rilke auf KUNO \u00fcber <em><a href=\"http:\/\/www.editiondaslabor.de\/blog\/?p=28345\">Moderne Lyrik<\/a>.<\/em><\/p>\n<p style=\"text-align: justify;\"><strong>\u2192<\/strong>\u00a0Poesie z\u00e4hlt f\u00fcr KUNO weiterhin zu den identit\u00e4ts- und identifikationstiftenden Elementen einer Kultur, dies bezeugte auch der Versuch einer <a href=\"http:\/\/www.editiondaslabor.de\/blog\/?p=25630\">poetologischen Positionsbestimmung<\/a>.<\/p>\n","protected":false},"excerpt":{"rendered":"<p>&nbsp; &nbsp; Wem sind wir nah? Dem Tode oder dem, was noch nicht ist? Was w\u00e4re Lehm an Lehm, formte der Gott nicht f\u00fchlend die Figur, die zwischen uns erw\u00e4chst. Begreife nur: das ist mein K\u00f6rper, welcher aufersteht. Nun hilf&hellip;<\/p>\n<p class=\"more-link-p\"><a class=\"more-link\" href=\"http:\/\/www.editiondaslabor.de\/blog\/2005\/07\/29\/sieben-gedichte-vi\/\">Read more &rarr;<\/a><\/p>\n","protected":false},"author":143,"featured_media":82513,"comment_status":"closed","ping_status":"closed","sticky":false,"template":"","format":"standard","meta":{"footnotes":""},"categories":[1],"tags":[267],"class_list":["post-91878","post","type-post","status-publish","format-standard","has-post-thumbnail","hentry","category-literatur","tag-rainer-maria-rilke"],"_links":{"self":[{"href":"http:\/\/www.editiondaslabor.de\/blog\/wp-json\/wp\/v2\/posts\/91878","targetHints":{"allow":["GET"]}}],"collection":[{"href":"http:\/\/www.editiondaslabor.de\/blog\/wp-json\/wp\/v2\/posts"}],"about":[{"href":"http:\/\/www.editiondaslabor.de\/blog\/wp-json\/wp\/v2\/types\/post"}],"author":[{"embeddable":true,"href":"http:\/\/www.editiondaslabor.de\/blog\/wp-json\/wp\/v2\/users\/143"}],"replies":[{"embeddable":true,"href":"http:\/\/www.editiondaslabor.de\/blog\/wp-json\/wp\/v2\/comments?post=91878"}],"version-history":[{"count":0,"href":"http:\/\/www.editiondaslabor.de\/blog\/wp-json\/wp\/v2\/posts\/91878\/revisions"}],"wp:featuredmedia":[{"embeddable":true,"href":"http:\/\/www.editiondaslabor.de\/blog\/wp-json\/"}],"wp:attachment":[{"href":"http:\/\/www.editiondaslabor.de\/blog\/wp-json\/wp\/v2\/media?parent=91878"}],"wp:term":[{"taxonomy":"category","embeddable":true,"href":"http:\/\/www.editiondaslabor.de\/blog\/wp-json\/wp\/v2\/categories?post=91878"},{"taxonomy":"post_tag","embeddable":true,"href":"http:\/\/www.editiondaslabor.de\/blog\/wp-json\/wp\/v2\/tags?post=91878"}],"curies":[{"name":"wp","href":"https:\/\/api.w.org\/{rel}","templated":true}]}}