{"id":91756,"date":"2001-09-05T00:01:08","date_gmt":"2001-09-04T22:01:08","guid":{"rendered":"http:\/\/www.editiondaslabor.de\/blog\/?p=91756"},"modified":"2021-10-22T08:08:40","modified_gmt":"2021-10-22T06:08:40","slug":"barbara","status":"publish","type":"post","link":"http:\/\/www.editiondaslabor.de\/blog\/2001\/09\/05\/barbara\/","title":{"rendered":"Barbara"},"content":{"rendered":"<p>&nbsp;<\/p>\n<div id=\"attachment_91757\" style=\"width: 460px\" class=\"wp-caption aligncenter\"><a href=\"http:\/\/www.editiondaslabor.de\/blog\/wp-content\/uploads\/2021\/09\/barbara.jpg\"><img loading=\"lazy\" decoding=\"async\" aria-describedby=\"caption-attachment-91757\" class=\"wp-image-91757 size-full\" src=\"http:\/\/www.editiondaslabor.de\/blog\/wp-content\/uploads\/2021\/09\/barbara.jpg\" alt=\"\" width=\"450\" height=\"299\" srcset=\"http:\/\/www.editiondaslabor.de\/blog\/wp-content\/uploads\/2021\/09\/barbara.jpg 450w, http:\/\/www.editiondaslabor.de\/blog\/wp-content\/uploads\/2021\/09\/barbara-300x199.jpg 300w, http:\/\/www.editiondaslabor.de\/blog\/wp-content\/uploads\/2021\/09\/barbara-260x173.jpg 260w, http:\/\/www.editiondaslabor.de\/blog\/wp-content\/uploads\/2021\/09\/barbara-160x106.jpg 160w\" sizes=\"auto, (max-width: 450px) 100vw, 450px\" \/><\/a><p id=\"caption-attachment-91757\" class=\"wp-caption-text\">Fotoarbeit, Format: 21 x 30 cm, Auflage: 20+3 e.a., nummeriert + signiert<\/p><\/div>\n<p style=\"text-align: justify;\">Die Grundlage f\u00fcr die Photoarbeiten bilden Schnappsch\u00fcsse von Geb\u00e4udeteilen. Digital bearbeitet verwandeln sich die Motive in absurde Architekturen, deren Reiz in der skulpturalen Neuformulierung des real Vorgegebenen liegt. Die Photoarbeiten von Katja Butt n\u00e4hern sich der Architektur in stets etwas schr\u00e4gen, verkanteten Bildern. Diese Montagen sie n\u00e4hern sich Raum, Wand, Durchgang von innen und aussen, sie stehen mitten darin oder nehmen ein Gesamt in den Blick, in immer neuen Perspektiven, in unbewegten Einstellungen, mit denen die R\u00e4ume zum Wohnen und Leben nicht als ein f\u00fcr alle Male bestehend gezeigt, sondern Bild f\u00fcr Bild und als eine fast kubistische zu nennende Zusammenschau in der Montage neu zusammengesetzt werden. Die Titel der jeweiligen Arbeiten weisen auf die Stra\u00dfe hin, in der das urspr\u00fcngliche Geb\u00e4ude steht.<\/p>\n<p style=\"text-align: justify;\">Die Serie wurde von Katja Butt 2001 anl\u00e4sslich einer Ausstellung im Goethe Institut Tokio begonnen und bis heute fortgesetzt.<\/p>\n<p style=\"text-align: justify;\"><strong>Weiterf\u00fchrend<\/strong> \u2192 Mehr \u00fcber die<a href=\"http:\/\/www.editiondaslabor.de\/blog\/2007\/07\/10\/das-hungertuch-fuer-katja-butt\/\"> Hungertuchpreistr\u00e4geri<\/a>n Katja Butt.<\/p>\n","protected":false},"excerpt":{"rendered":"<p>&nbsp; Die Grundlage f\u00fcr die Photoarbeiten bilden Schnappsch\u00fcsse von Geb\u00e4udeteilen. Digital bearbeitet verwandeln sich die Motive in absurde Architekturen, deren Reiz in der skulpturalen Neuformulierung des real Vorgegebenen liegt. Die Photoarbeiten von Katja Butt n\u00e4hern sich der Architektur in stets&hellip;<\/p>\n<p class=\"more-link-p\"><a class=\"more-link\" href=\"http:\/\/www.editiondaslabor.de\/blog\/2001\/09\/05\/barbara\/\">Read more &rarr;<\/a><\/p>\n","protected":false},"author":174,"featured_media":91757,"comment_status":"closed","ping_status":"closed","sticky":false,"template":"","format":"standard","meta":{"footnotes":""},"categories":[1],"tags":[96],"class_list":["post-91756","post","type-post","status-publish","format-standard","has-post-thumbnail","hentry","category-literatur","tag-katja-butt"],"_links":{"self":[{"href":"http:\/\/www.editiondaslabor.de\/blog\/wp-json\/wp\/v2\/posts\/91756","targetHints":{"allow":["GET"]}}],"collection":[{"href":"http:\/\/www.editiondaslabor.de\/blog\/wp-json\/wp\/v2\/posts"}],"about":[{"href":"http:\/\/www.editiondaslabor.de\/blog\/wp-json\/wp\/v2\/types\/post"}],"author":[{"embeddable":true,"href":"http:\/\/www.editiondaslabor.de\/blog\/wp-json\/wp\/v2\/users\/174"}],"replies":[{"embeddable":true,"href":"http:\/\/www.editiondaslabor.de\/blog\/wp-json\/wp\/v2\/comments?post=91756"}],"version-history":[{"count":0,"href":"http:\/\/www.editiondaslabor.de\/blog\/wp-json\/wp\/v2\/posts\/91756\/revisions"}],"wp:featuredmedia":[{"embeddable":true,"href":"http:\/\/www.editiondaslabor.de\/blog\/wp-json\/"}],"wp:attachment":[{"href":"http:\/\/www.editiondaslabor.de\/blog\/wp-json\/wp\/v2\/media?parent=91756"}],"wp:term":[{"taxonomy":"category","embeddable":true,"href":"http:\/\/www.editiondaslabor.de\/blog\/wp-json\/wp\/v2\/categories?post=91756"},{"taxonomy":"post_tag","embeddable":true,"href":"http:\/\/www.editiondaslabor.de\/blog\/wp-json\/wp\/v2\/tags?post=91756"}],"curies":[{"name":"wp","href":"https:\/\/api.w.org\/{rel}","templated":true}]}}