{"id":91607,"date":"2011-07-20T00:01:54","date_gmt":"2011-07-19T22:01:54","guid":{"rendered":"http:\/\/www.editiondaslabor.de\/blog\/?p=91607"},"modified":"2021-11-07T06:15:05","modified_gmt":"2021-11-07T05:15:05","slug":"abgrund-der-geschichte","status":"publish","type":"post","link":"http:\/\/www.editiondaslabor.de\/blog\/2011\/07\/20\/abgrund-der-geschichte\/","title":{"rendered":"Abgrund der Geschichte"},"content":{"rendered":"<p>&nbsp;<\/p>\n<p style=\"text-align: justify;\">Und wir sehen jetzt, dass der Abgrund der Geschichte Raum hat f\u00fcr alle. Wir f\u00fchlen, dass eine Kultur genau so hinf\u00e4llig ist wie ein einzelnes Leben.<\/p>\n<p>Paul Val\u00e9ry<\/p>\n<p>&nbsp;<\/p>\n<p>&nbsp;<\/p>\n<p>&nbsp;<\/p>\n<p style=\"text-align: justify;\"><a href=\"http:\/\/www.editiondaslabor.de\/blog\/wp-content\/uploads\/2009\/03\/Twitteratur_Penguin.jpg\"><img loading=\"lazy\" decoding=\"async\" class=\"alignleft size-full wp-image-75077\" src=\"http:\/\/www.editiondaslabor.de\/blog\/wp-content\/uploads\/2009\/03\/Twitteratur_Penguin.jpg\" alt=\"\" width=\"250\" height=\"410\" srcset=\"http:\/\/www.editiondaslabor.de\/blog\/wp-content\/uploads\/2009\/03\/Twitteratur_Penguin.jpg 250w, http:\/\/www.editiondaslabor.de\/blog\/wp-content\/uploads\/2009\/03\/Twitteratur_Penguin-183x300.jpg 183w, http:\/\/www.editiondaslabor.de\/blog\/wp-content\/uploads\/2009\/03\/Twitteratur_Penguin-160x262.jpg 160w\" sizes=\"auto, (max-width: 250px) 100vw, 250px\" \/><\/a>Paul Val\u00e9ry war auf der Suche nach dem reinen Geist. Zu Lebzeiten galt er als gr\u00f6\u00dfter franz\u00f6sischer Lyriker seiner Zeit. Durch seine \u201ekristalline Dichtung\u201c suchte er einen von Gef\u00fchlen ungest\u00f6rten \u201ereinen Geist\u201c. Sein eigentliches Hauptwerk sind aber die postum ver\u00f6ffentlichten Cahiers. Fast t\u00e4glich und \u00fcber ein halbes Jahrhundert lang begann er jeden Morgen damit, dass er sich in seine <em>Denkhefte<\/em> Notizen, Beobachtungen und Einf\u00e4lle notierte. Sie sind ein einzigartiges Denklaboratorium des modernen Menschen und nicht nur ein Paradebeispiel lebensphilosophischer Selbsttherapie, sondern eine Antwort auf die gro\u00dfe Frage: \u00bbWas kann ein Mensch?\u00ab<\/p>\n<p style=\"text-align: justify;\"><strong>Weiterf\u00fchrend\u00a0\u2192 <\/strong>ein Essay \u00fcber die neue Literaturgattung <a href=\"http:\/\/www.editiondaslabor.de\/blog\/?p=22423\"><em>Twitteratur.<\/em><\/a><\/p>\n<p style=\"text-align: justify;\"><strong>\u2192<\/strong>\u00a0Poesie z\u00e4hlt f\u00fcr KUNO weiterhin zu den identit\u00e4ts- und identifikationstiftenden Elementen einer Kultur, dies bezeugte auch der Versuch einer <a href=\"http:\/\/www.editiondaslabor.de\/blog\/?p=25630\">poetologischen Positionsbestimmung<\/a>.<\/p>\n","protected":false},"excerpt":{"rendered":"<p>&nbsp; Und wir sehen jetzt, dass der Abgrund der Geschichte Raum hat f\u00fcr alle. Wir f\u00fchlen, dass eine Kultur genau so hinf\u00e4llig ist wie ein einzelnes Leben. Paul Val\u00e9ry &nbsp; &nbsp; &nbsp; Paul Val\u00e9ry war auf der Suche nach dem&hellip;<\/p>\n<p class=\"more-link-p\"><a class=\"more-link\" href=\"http:\/\/www.editiondaslabor.de\/blog\/2011\/07\/20\/abgrund-der-geschichte\/\">Read more &rarr;<\/a><\/p>\n","protected":false},"author":236,"featured_media":75077,"comment_status":"closed","ping_status":"closed","sticky":false,"template":"","format":"standard","meta":{"footnotes":""},"categories":[1],"tags":[1026],"class_list":["post-91607","post","type-post","status-publish","format-standard","has-post-thumbnail","hentry","category-literatur","tag-paul-valery"],"_links":{"self":[{"href":"http:\/\/www.editiondaslabor.de\/blog\/wp-json\/wp\/v2\/posts\/91607","targetHints":{"allow":["GET"]}}],"collection":[{"href":"http:\/\/www.editiondaslabor.de\/blog\/wp-json\/wp\/v2\/posts"}],"about":[{"href":"http:\/\/www.editiondaslabor.de\/blog\/wp-json\/wp\/v2\/types\/post"}],"author":[{"embeddable":true,"href":"http:\/\/www.editiondaslabor.de\/blog\/wp-json\/wp\/v2\/users\/236"}],"replies":[{"embeddable":true,"href":"http:\/\/www.editiondaslabor.de\/blog\/wp-json\/wp\/v2\/comments?post=91607"}],"version-history":[{"count":0,"href":"http:\/\/www.editiondaslabor.de\/blog\/wp-json\/wp\/v2\/posts\/91607\/revisions"}],"wp:featuredmedia":[{"embeddable":true,"href":"http:\/\/www.editiondaslabor.de\/blog\/wp-json\/"}],"wp:attachment":[{"href":"http:\/\/www.editiondaslabor.de\/blog\/wp-json\/wp\/v2\/media?parent=91607"}],"wp:term":[{"taxonomy":"category","embeddable":true,"href":"http:\/\/www.editiondaslabor.de\/blog\/wp-json\/wp\/v2\/categories?post=91607"},{"taxonomy":"post_tag","embeddable":true,"href":"http:\/\/www.editiondaslabor.de\/blog\/wp-json\/wp\/v2\/tags?post=91607"}],"curies":[{"name":"wp","href":"https:\/\/api.w.org\/{rel}","templated":true}]}}