{"id":91553,"date":"2007-03-25T00:01:27","date_gmt":"2007-03-24T23:01:27","guid":{"rendered":"http:\/\/www.editiondaslabor.de\/blog\/?p=91553"},"modified":"2022-02-24T11:20:43","modified_gmt":"2022-02-24T10:20:43","slug":"das-leben-als-roman","status":"publish","type":"post","link":"http:\/\/www.editiondaslabor.de\/blog\/2007\/03\/25\/das-leben-als-roman\/","title":{"rendered":"Das Leben als Roman"},"content":{"rendered":"<p>&nbsp;<\/p>\n<p style=\"text-align: justify;\">Das Leben soll uns kein gegebener, sondern ein von uns gemachter Roman sein.<\/p>\n<p>&nbsp;<\/p>\n<p>&nbsp;<\/p>\n<p>&nbsp;<\/p>\n<p style=\"text-align: justify;\"><strong><img loading=\"lazy\" decoding=\"async\" class=\"alignleft size-full wp-image-99790\" src=\"http:\/\/www.editiondaslabor.de\/blog\/wp-content\/uploads\/2025\/05\/Novalis-e1645610465288.jpg\" alt=\"\" width=\"281\" height=\"300\" \/>Weiterf\u00fchrend\u00a0<\/strong><strong>\u2192\u00a0<\/strong><\/p>\n<p style=\"text-align: justify;\">Zum Thema K\u00fcnstlerb\u00fccher finden Sie hier einen <a href=\"http:\/\/www.editiondaslabor.de\/blog\/?p=12840\">Essay<\/a> sowie ein <a href=\"http:\/\/www.editiondaslabor.de\/blog\/?p=834\">Artikel<\/a> von J.C. Albers. Vertiefend auch das <a href=\"http:\/\/www.editiondaslabor.de\/blog\/?p=21407\">Kollegengespr\u00e4ch<\/a> mit Haimo Hieronymus \u00fcber Material, Medium und Faszination des Werkstoffs Papier.<\/p>\n<p style=\"text-align: justify;\">K\u00fcnstlerb\u00fccher verstehen diese Artisten als Physiognomik, der B\u00fcchersammler wird somit zum Physiognomiker der Dingwelt. Die bibliophilen Kostbarkeiten sind erh\u00e4ltlich \u00fcber die Werkstattgalerie Der Bogen, Tel. 0173 7276421<\/p>\n<p>&nbsp;<\/p>\n<p>&nbsp;<\/p>\n","protected":false},"excerpt":{"rendered":"<p>&nbsp; Das Leben soll uns kein gegebener, sondern ein von uns gemachter Roman sein. &nbsp; &nbsp; &nbsp; Weiterf\u00fchrend\u00a0\u2192\u00a0 Zum Thema K\u00fcnstlerb\u00fccher finden Sie hier einen Essay sowie ein Artikel von J.C. Albers. Vertiefend auch das Kollegengespr\u00e4ch mit Haimo Hieronymus \u00fcber&hellip;<\/p>\n<p class=\"more-link-p\"><a class=\"more-link\" href=\"http:\/\/www.editiondaslabor.de\/blog\/2007\/03\/25\/das-leben-als-roman\/\">Read more &rarr;<\/a><\/p>\n","protected":false},"author":79,"featured_media":99790,"comment_status":"closed","ping_status":"closed","sticky":false,"template":"","format":"standard","meta":{"footnotes":""},"categories":[1],"tags":[434],"class_list":["post-91553","post","type-post","status-publish","format-standard","has-post-thumbnail","hentry","category-literatur","tag-novalis"],"_links":{"self":[{"href":"http:\/\/www.editiondaslabor.de\/blog\/wp-json\/wp\/v2\/posts\/91553","targetHints":{"allow":["GET"]}}],"collection":[{"href":"http:\/\/www.editiondaslabor.de\/blog\/wp-json\/wp\/v2\/posts"}],"about":[{"href":"http:\/\/www.editiondaslabor.de\/blog\/wp-json\/wp\/v2\/types\/post"}],"author":[{"embeddable":true,"href":"http:\/\/www.editiondaslabor.de\/blog\/wp-json\/wp\/v2\/users\/79"}],"replies":[{"embeddable":true,"href":"http:\/\/www.editiondaslabor.de\/blog\/wp-json\/wp\/v2\/comments?post=91553"}],"version-history":[{"count":1,"href":"http:\/\/www.editiondaslabor.de\/blog\/wp-json\/wp\/v2\/posts\/91553\/revisions"}],"predecessor-version":[{"id":100133,"href":"http:\/\/www.editiondaslabor.de\/blog\/wp-json\/wp\/v2\/posts\/91553\/revisions\/100133"}],"wp:featuredmedia":[{"embeddable":true,"href":"http:\/\/www.editiondaslabor.de\/blog\/wp-json\/wp\/v2\/media\/99790"}],"wp:attachment":[{"href":"http:\/\/www.editiondaslabor.de\/blog\/wp-json\/wp\/v2\/media?parent=91553"}],"wp:term":[{"taxonomy":"category","embeddable":true,"href":"http:\/\/www.editiondaslabor.de\/blog\/wp-json\/wp\/v2\/categories?post=91553"},{"taxonomy":"post_tag","embeddable":true,"href":"http:\/\/www.editiondaslabor.de\/blog\/wp-json\/wp\/v2\/tags?post=91553"}],"curies":[{"name":"wp","href":"https:\/\/api.w.org\/{rel}","templated":true}]}}