{"id":91393,"date":"1995-08-28T00:01:53","date_gmt":"1995-08-27T22:01:53","guid":{"rendered":"http:\/\/www.editiondaslabor.de\/blog\/?p=91393"},"modified":"2022-03-31T15:14:16","modified_gmt":"2022-03-31T13:14:16","slug":"rezensent","status":"publish","type":"post","link":"http:\/\/www.editiondaslabor.de\/blog\/1995\/08\/28\/rezensent\/","title":{"rendered":"Rezensent"},"content":{"rendered":"<p>&nbsp;<\/p>\n<p>Da hatt ich einen Kerl zu Gast,<\/p>\n<p>Er war mir eben nicht zur Last,<\/p>\n<p>Ich hatt so mein gew\u00f6hnlich Essen.<\/p>\n<p>Hat sich der Mensch pump satt gefressen<\/p>\n<p>Zum Nachtisch was ich gespeichert hatt!<\/p>\n<p>Und kaum ist mir der Kerl so satt,<\/p>\n<p>Tut ihn der Teufel zum Nachbar f\u00fchren,<\/p>\n<p>\u00dcber mein Essen zu raisonnieren.<\/p>\n<p>Die Supp h\u00e4tt k\u00f6nnen gew\u00fcrzter sein,<\/p>\n<p>Der Braten brauner, firner der Wein.<\/p>\n<p>Der tausend Sackerment!<\/p>\n<p>Schlagt ihn tot den Hund! Es ist ein Rezensent.<\/p>\n<p>&nbsp;<\/p>\n<p>&nbsp;<\/p>\n<p>&nbsp;<\/p>\n<div id=\"attachment_81943\" style=\"width: 241px\" class=\"wp-caption alignleft\"><a href=\"http:\/\/www.editiondaslabor.de\/blog\/wp-content\/uploads\/2025\/05\/Johann_Wolfgang_Goethe_1811.jpg\"><img loading=\"lazy\" decoding=\"async\" aria-describedby=\"caption-attachment-81943\" class=\"wp-image-81943 size-medium\" src=\"http:\/\/www.editiondaslabor.de\/blog\/wp-content\/uploads\/2025\/05\/Johann_Wolfgang_Goethe_1811-231x300.jpg\" alt=\"\" width=\"231\" height=\"300\" srcset=\"http:\/\/www.editiondaslabor.de\/blog\/wp-content\/uploads\/2025\/05\/Johann_Wolfgang_Goethe_1811-231x300.jpg 231w, http:\/\/www.editiondaslabor.de\/blog\/wp-content\/uploads\/2025\/05\/Johann_Wolfgang_Goethe_1811-260x337.jpg 260w, http:\/\/www.editiondaslabor.de\/blog\/wp-content\/uploads\/2025\/05\/Johann_Wolfgang_Goethe_1811-160x208.jpg 160w, http:\/\/www.editiondaslabor.de\/blog\/wp-content\/uploads\/2025\/05\/Johann_Wolfgang_Goethe_1811.jpg 400w\" sizes=\"auto, (max-width: 231px) 100vw, 231px\" \/><\/a><p id=\"caption-attachment-81943\" class=\"wp-caption-text\">Johann Wolfgang Goethe<\/p><\/div>\n<p class=\"rez\" style=\"text-align: justify;\">&#8222;Indem Goethe seine Leser auffordert, die Rezensenten totzuschlagen, entpuppt er sich als ein Anh\u00e4nger der Todesstrafe und als ein Gegner der Meinungsfreiheit; \u00fcberdies ist auch der Tatbestand der Volksverhetzung erf\u00fcllt. Und warum das alles? Kaum war das Gedicht \u201eRezensent\u201c gedruckt, da wurde Goethe \u00f6ffentlich belehrt. Der Dramatiker Heinrich Leopold Wagner, den vor allem die Trag\u00f6die \u201eDie Kinderm\u00f6rderin\u201c bekannt gemacht hat, publizierte ein Gegengedicht, das mit den Worten endet: \u201eSchmei\u00dft ihn todt, den Hund! Es ist ein Autor der nicht kritisiert will sein.\u201c, schrieb der Literaturkritiker Marcel Reich-Ranicki \u00fcber dieses Gedicht. Seine Rezension ist <dfn><\/dfn>in der Frankfurter Allgemeine Zeitung vom 20. Januar 1990 im Rahmen der dort von Reich-Ranicki herausgegebenen Rubrik \u201eFrankfurter Anthologie\u201c erschienen. Dieser Beitrags ist zudem 1992 im Insel Verlag erschienenen: Johann Wolfgang Goethe: Verweile doch. 111 Gedichte mit Interpretationen. Herausgegeben von Marcel Reich-Ranicki.<\/p>\n<p>&nbsp;<\/p>\n<p>&nbsp;<\/p>\n<p style=\"text-align: justify;\"><strong>Weiterf\u00fchrend \u2192<\/strong>\u00a0Poesie z\u00e4hlt f\u00fcr KUNO weiterhin zu den identit\u00e4ts- und identifikationstiftenden Elementen einer Kultur, dies bezeugte auch der Versuch einer <a href=\"http:\/\/www.editiondaslabor.de\/blog\/?p=25630\">poetologischen Positionsbestimmung<\/a>.<\/p>\n","protected":false},"excerpt":{"rendered":"<p>&nbsp; Da hatt ich einen Kerl zu Gast, Er war mir eben nicht zur Last, Ich hatt so mein gew\u00f6hnlich Essen. Hat sich der Mensch pump satt gefressen Zum Nachtisch was ich gespeichert hatt! Und kaum ist mir der Kerl&hellip;<\/p>\n<p class=\"more-link-p\"><a class=\"more-link\" href=\"http:\/\/www.editiondaslabor.de\/blog\/1995\/08\/28\/rezensent\/\">Read more &rarr;<\/a><\/p>\n","protected":false},"author":246,"featured_media":98301,"comment_status":"closed","ping_status":"closed","sticky":false,"template":"","format":"standard","meta":{"footnotes":""},"categories":[1],"tags":[425],"class_list":["post-91393","post","type-post","status-publish","format-standard","has-post-thumbnail","hentry","category-literatur","tag-johann-wolfgang-goethe"],"_links":{"self":[{"href":"http:\/\/www.editiondaslabor.de\/blog\/wp-json\/wp\/v2\/posts\/91393","targetHints":{"allow":["GET"]}}],"collection":[{"href":"http:\/\/www.editiondaslabor.de\/blog\/wp-json\/wp\/v2\/posts"}],"about":[{"href":"http:\/\/www.editiondaslabor.de\/blog\/wp-json\/wp\/v2\/types\/post"}],"author":[{"embeddable":true,"href":"http:\/\/www.editiondaslabor.de\/blog\/wp-json\/wp\/v2\/users\/246"}],"replies":[{"embeddable":true,"href":"http:\/\/www.editiondaslabor.de\/blog\/wp-json\/wp\/v2\/comments?post=91393"}],"version-history":[{"count":2,"href":"http:\/\/www.editiondaslabor.de\/blog\/wp-json\/wp\/v2\/posts\/91393\/revisions"}],"predecessor-version":[{"id":102462,"href":"http:\/\/www.editiondaslabor.de\/blog\/wp-json\/wp\/v2\/posts\/91393\/revisions\/102462"}],"wp:featuredmedia":[{"embeddable":true,"href":"http:\/\/www.editiondaslabor.de\/blog\/wp-json\/wp\/v2\/media\/98301"}],"wp:attachment":[{"href":"http:\/\/www.editiondaslabor.de\/blog\/wp-json\/wp\/v2\/media?parent=91393"}],"wp:term":[{"taxonomy":"category","embeddable":true,"href":"http:\/\/www.editiondaslabor.de\/blog\/wp-json\/wp\/v2\/categories?post=91393"},{"taxonomy":"post_tag","embeddable":true,"href":"http:\/\/www.editiondaslabor.de\/blog\/wp-json\/wp\/v2\/tags?post=91393"}],"curies":[{"name":"wp","href":"https:\/\/api.w.org\/{rel}","templated":true}]}}