{"id":91347,"date":"2024-11-13T00:01:52","date_gmt":"2024-11-12T23:01:52","guid":{"rendered":"http:\/\/www.editiondaslabor.de\/blog\/?p=91347"},"modified":"2022-02-21T15:57:20","modified_gmt":"2022-02-21T14:57:20","slug":"ku%cc%88che","status":"publish","type":"post","link":"http:\/\/www.editiondaslabor.de\/blog\/2024\/11\/13\/ku%cc%88che\/","title":{"rendered":"Ku\u0308che"},"content":{"rendered":"<div class=\"page\" title=\"Page 25\">\r\n<div class=\"layoutArea\">\r\n<div class=\"column\">\r\n<p>&nbsp;<\/p>\r\n<p>durch den Tu\u0308rspalt<\/p>\r\n<p>einen Blick auf den Herd<\/p>\r\n<p>das Marmorbecken<\/p>\r\n<p>den tropfenden Hahn<\/p>\r\n<p>die Mutter steht<\/p>\r\n<p>einen Teig knetend<\/p>\r\n<p>&amp; fu\u0308rchtet<\/p>\r\n<p>nicht rechtzeitig<\/p>\r\n<p>fertig zu werden<\/p>\r\n<\/div>\r\n<\/div>\r\n<\/div>\r\n<p>&nbsp;<\/p>\r\n<p>&nbsp;<\/p>\r\n<p>&nbsp;<\/p>\r\n<p style=\"text-align: center;\">***<\/p>\r\n<p style=\"text-align: justify;\"><strong>Fragen im Schlepptau<\/strong>, Gedichte von Ines Hagemeyer. Ludwigsburg: Pop Verlag 2021 <strong><a href=\"http:\/\/www.editiondaslabor.de\/blog\/wp-content\/uploads\/2021\/12\/Schlepptau_Cover.jpg\"><img loading=\"lazy\" decoding=\"async\" class=\"alignleft wp-image-91331 size-medium\" src=\"http:\/\/www.editiondaslabor.de\/blog\/wp-content\/uploads\/2021\/12\/Schlepptau_Cover-205x300.jpg\" alt=\"\" width=\"205\" height=\"300\" srcset=\"http:\/\/www.editiondaslabor.de\/blog\/wp-content\/uploads\/2021\/12\/Schlepptau_Cover-205x300.jpg 205w, http:\/\/www.editiondaslabor.de\/blog\/wp-content\/uploads\/2021\/12\/Schlepptau_Cover-700x1024.jpg 700w, http:\/\/www.editiondaslabor.de\/blog\/wp-content\/uploads\/2021\/12\/Schlepptau_Cover-768x1124.jpg 768w, http:\/\/www.editiondaslabor.de\/blog\/wp-content\/uploads\/2021\/12\/Schlepptau_Cover-1049x1536.jpg 1049w, http:\/\/www.editiondaslabor.de\/blog\/wp-content\/uploads\/2021\/12\/Schlepptau_Cover-1399x2048.jpg 1399w, http:\/\/www.editiondaslabor.de\/blog\/wp-content\/uploads\/2021\/12\/Schlepptau_Cover-560x820.jpg 560w, http:\/\/www.editiondaslabor.de\/blog\/wp-content\/uploads\/2021\/12\/Schlepptau_Cover-260x381.jpg 260w, http:\/\/www.editiondaslabor.de\/blog\/wp-content\/uploads\/2021\/12\/Schlepptau_Cover-160x234.jpg 160w, http:\/\/www.editiondaslabor.de\/blog\/wp-content\/uploads\/2021\/12\/Schlepptau_Cover.jpg 1654w\" sizes=\"auto, (max-width: 205px) 100vw, 205px\" \/><\/a><\/strong><\/p>\r\n<p style=\"text-align: justify;\"><strong>Weiterf\u00fchrend \u2192<\/strong>\u00a0Ulrich Bergmann mit einer <a href=\"http:\/\/www.editiondaslabor.de\/blog\/2020\/01\/19\/die-lyrikerin-ines-hagemeyer\/\">Einf\u00fchrung<\/a> in das Werk von Ines Hagemeyer.<\/p>\r\n<!-- \/wp:post-content -->\r\n\r\n<!-- wp:paragraph -->\r\n<p style=\"text-align: justify;\"><strong>\u00a0\u2192<\/strong>\u00a0Poesie z\u00e4hlt f\u00fcr KUNO weiterhin zu den identit\u00e4ts- und identifikationstiftenden Elementen einer Kultur, dies bezeugte auch der Versuch einer <a href=\"http:\/\/www.editiondaslabor.de\/blog\/?p=25630\">poetologischen Positionsbestimmung<\/a>.<\/p>","protected":false},"excerpt":{"rendered":"<p>&nbsp; durch den Tu\u0308rspalt einen Blick auf den Herd das Marmorbecken den tropfenden Hahn die Mutter steht einen Teig knetend &amp; fu\u0308rchtet nicht rechtzeitig fertig zu werden &nbsp; &nbsp; &nbsp; *** Fragen im Schlepptau, Gedichte von Ines Hagemeyer. Ludwigsburg: Pop&hellip;<\/p>\n<p class=\"more-link-p\"><a class=\"more-link\" href=\"http:\/\/www.editiondaslabor.de\/blog\/2024\/11\/13\/ku%cc%88che\/\">Read more &rarr;<\/a><\/p>\n","protected":false},"author":193,"featured_media":99179,"comment_status":"closed","ping_status":"closed","sticky":false,"template":"","format":"standard","meta":{"footnotes":""},"categories":[1],"tags":[1690],"class_list":["post-91347","post","type-post","status-publish","format-standard","has-post-thumbnail","hentry","category-literatur","tag-ines-hagemeyer"],"_links":{"self":[{"href":"http:\/\/www.editiondaslabor.de\/blog\/wp-json\/wp\/v2\/posts\/91347","targetHints":{"allow":["GET"]}}],"collection":[{"href":"http:\/\/www.editiondaslabor.de\/blog\/wp-json\/wp\/v2\/posts"}],"about":[{"href":"http:\/\/www.editiondaslabor.de\/blog\/wp-json\/wp\/v2\/types\/post"}],"author":[{"embeddable":true,"href":"http:\/\/www.editiondaslabor.de\/blog\/wp-json\/wp\/v2\/users\/193"}],"replies":[{"embeddable":true,"href":"http:\/\/www.editiondaslabor.de\/blog\/wp-json\/wp\/v2\/comments?post=91347"}],"version-history":[{"count":1,"href":"http:\/\/www.editiondaslabor.de\/blog\/wp-json\/wp\/v2\/posts\/91347\/revisions"}],"predecessor-version":[{"id":99266,"href":"http:\/\/www.editiondaslabor.de\/blog\/wp-json\/wp\/v2\/posts\/91347\/revisions\/99266"}],"wp:featuredmedia":[{"embeddable":true,"href":"http:\/\/www.editiondaslabor.de\/blog\/wp-json\/wp\/v2\/media\/99179"}],"wp:attachment":[{"href":"http:\/\/www.editiondaslabor.de\/blog\/wp-json\/wp\/v2\/media?parent=91347"}],"wp:term":[{"taxonomy":"category","embeddable":true,"href":"http:\/\/www.editiondaslabor.de\/blog\/wp-json\/wp\/v2\/categories?post=91347"},{"taxonomy":"post_tag","embeddable":true,"href":"http:\/\/www.editiondaslabor.de\/blog\/wp-json\/wp\/v2\/tags?post=91347"}],"curies":[{"name":"wp","href":"https:\/\/api.w.org\/{rel}","templated":true}]}}