{"id":91341,"date":"2021-10-31T00:01:33","date_gmt":"2021-10-30T22:01:33","guid":{"rendered":"http:\/\/www.editiondaslabor.de\/blog\/?p=91341"},"modified":"2021-10-01T17:04:51","modified_gmt":"2021-10-01T15:04:51","slug":"fata-morgana","status":"publish","type":"post","link":"http:\/\/www.editiondaslabor.de\/blog\/2021\/10\/31\/fata-morgana\/","title":{"rendered":"Fata Morgana"},"content":{"rendered":"<p>&nbsp;<\/p>\r\n<p>&nbsp;<\/p>\r\n<div class=\"page\" title=\"Page 17\">\r\n<div class=\"layoutArea\">\r\n<div class=\"column\">\r\n<p>kaum na\u0308her geru\u0308ckt<\/p>\r\n<p>zieht es wieder vorbei<\/p>\r\n<p>das wahrgenommene Geflecht<\/p>\r\n<p>der unaufhebbaren Zeit<\/p>\r\n<p>auf &amp; davon<\/p>\r\n<p>nur gelegentlich<\/p>\r\n<p>mutiert sie zur Spiegelung<\/p>\r\n<\/div>\r\n<\/div>\r\n<\/div>\r\n<p>&nbsp;<\/p>\r\n<p>&nbsp;<\/p>\r\n<p>&nbsp;<\/p>\r\n<p style=\"text-align: center;\">***<\/p>\r\n<p style=\"text-align: justify;\"><strong>Fragen im Schlepptau<\/strong>, Gedichte von Ines Hagemeyer. Ludwigsburg: Pop Verlag 2021<\/p>\r\n<p style=\"text-align: justify;\"><strong><a href=\"http:\/\/www.editiondaslabor.de\/blog\/wp-content\/uploads\/2021\/12\/Schlepptau_Cover.jpg\"><img loading=\"lazy\" decoding=\"async\" class=\"alignleft wp-image-91331 size-medium\" src=\"http:\/\/www.editiondaslabor.de\/blog\/wp-content\/uploads\/2021\/12\/Schlepptau_Cover-205x300.jpg\" alt=\"\" width=\"205\" height=\"300\" srcset=\"http:\/\/www.editiondaslabor.de\/blog\/wp-content\/uploads\/2021\/12\/Schlepptau_Cover-205x300.jpg 205w, http:\/\/www.editiondaslabor.de\/blog\/wp-content\/uploads\/2021\/12\/Schlepptau_Cover-700x1024.jpg 700w, http:\/\/www.editiondaslabor.de\/blog\/wp-content\/uploads\/2021\/12\/Schlepptau_Cover-768x1124.jpg 768w, http:\/\/www.editiondaslabor.de\/blog\/wp-content\/uploads\/2021\/12\/Schlepptau_Cover-1049x1536.jpg 1049w, http:\/\/www.editiondaslabor.de\/blog\/wp-content\/uploads\/2021\/12\/Schlepptau_Cover-1399x2048.jpg 1399w, http:\/\/www.editiondaslabor.de\/blog\/wp-content\/uploads\/2021\/12\/Schlepptau_Cover-560x820.jpg 560w, http:\/\/www.editiondaslabor.de\/blog\/wp-content\/uploads\/2021\/12\/Schlepptau_Cover-260x381.jpg 260w, http:\/\/www.editiondaslabor.de\/blog\/wp-content\/uploads\/2021\/12\/Schlepptau_Cover-160x234.jpg 160w, http:\/\/www.editiondaslabor.de\/blog\/wp-content\/uploads\/2021\/12\/Schlepptau_Cover.jpg 1654w\" sizes=\"auto, (max-width: 205px) 100vw, 205px\" \/><\/a>Weiterf\u00fchrend \u2192<\/strong>\u00a0Ulrich Bergmann mit einer <a href=\"http:\/\/www.editiondaslabor.de\/blog\/2020\/01\/19\/die-lyrikerin-ines-hagemeyer\/\">Einf\u00fchrung<\/a> in das Werk von Ines Hagemeyer.<\/p>\r\n<!-- \/wp:post-content -->\r\n\r\n<!-- wp:paragraph -->\r\n<p style=\"text-align: justify;\"><strong>\u00a0\u2192<\/strong>\u00a0Poesie z\u00e4hlt f\u00fcr KUNO weiterhin zu den identit\u00e4ts- und identifikationstiftenden Elementen einer Kultur, dies bezeugte auch der Versuch einer <a href=\"http:\/\/www.editiondaslabor.de\/blog\/?p=25630\">poetologischen Positionsbestimmung<\/a>.<\/p>","protected":false},"excerpt":{"rendered":"<p>&nbsp; &nbsp; kaum na\u0308her geru\u0308ckt zieht es wieder vorbei das wahrgenommene Geflecht der unaufhebbaren Zeit auf &amp; davon nur gelegentlich mutiert sie zur Spiegelung &nbsp; &nbsp; &nbsp; *** Fragen im Schlepptau, Gedichte von Ines Hagemeyer. Ludwigsburg: Pop Verlag 2021 Weiterf\u00fchrend&hellip;<\/p>\n<p class=\"more-link-p\"><a class=\"more-link\" href=\"http:\/\/www.editiondaslabor.de\/blog\/2021\/10\/31\/fata-morgana\/\">Read more &rarr;<\/a><\/p>\n","protected":false},"author":193,"featured_media":91331,"comment_status":"closed","ping_status":"closed","sticky":false,"template":"","format":"standard","meta":{"footnotes":""},"categories":[1],"tags":[1690],"class_list":["post-91341","post","type-post","status-publish","format-standard","has-post-thumbnail","hentry","category-literatur","tag-ines-hagemeyer"],"_links":{"self":[{"href":"http:\/\/www.editiondaslabor.de\/blog\/wp-json\/wp\/v2\/posts\/91341","targetHints":{"allow":["GET"]}}],"collection":[{"href":"http:\/\/www.editiondaslabor.de\/blog\/wp-json\/wp\/v2\/posts"}],"about":[{"href":"http:\/\/www.editiondaslabor.de\/blog\/wp-json\/wp\/v2\/types\/post"}],"author":[{"embeddable":true,"href":"http:\/\/www.editiondaslabor.de\/blog\/wp-json\/wp\/v2\/users\/193"}],"replies":[{"embeddable":true,"href":"http:\/\/www.editiondaslabor.de\/blog\/wp-json\/wp\/v2\/comments?post=91341"}],"version-history":[{"count":0,"href":"http:\/\/www.editiondaslabor.de\/blog\/wp-json\/wp\/v2\/posts\/91341\/revisions"}],"wp:featuredmedia":[{"embeddable":true,"href":"http:\/\/www.editiondaslabor.de\/blog\/wp-json\/"}],"wp:attachment":[{"href":"http:\/\/www.editiondaslabor.de\/blog\/wp-json\/wp\/v2\/media?parent=91341"}],"wp:term":[{"taxonomy":"category","embeddable":true,"href":"http:\/\/www.editiondaslabor.de\/blog\/wp-json\/wp\/v2\/categories?post=91341"},{"taxonomy":"post_tag","embeddable":true,"href":"http:\/\/www.editiondaslabor.de\/blog\/wp-json\/wp\/v2\/tags?post=91341"}],"curies":[{"name":"wp","href":"https:\/\/api.w.org\/{rel}","templated":true}]}}