{"id":91323,"date":"2009-09-25T00:01:29","date_gmt":"2009-09-24T22:01:29","guid":{"rendered":"http:\/\/www.editiondaslabor.de\/blog\/?p=91323"},"modified":"2021-10-17T16:25:45","modified_gmt":"2021-10-17T14:25:45","slug":"unsere-analyse","status":"publish","type":"post","link":"http:\/\/www.editiondaslabor.de\/blog\/2009\/09\/25\/unsere-analyse\/","title":{"rendered":"Unsere Analyse"},"content":{"rendered":"<p>&nbsp;<\/p>\n<p style=\"text-align: justify;\">Unsere Analyse hat eigentlich auch Pech gehabt. Kaum dass sie von den Kriegsneurosen aus die Welt zu interessieren beginnt, nimmt der Krieg ein Ende.<\/p>\n<p style=\"text-align: justify;\">Sigmund Freud<\/p>\n<p>&nbsp;<\/p>\n<p>&nbsp;<\/p>\n<p>&nbsp;<\/p>\n<p style=\"text-align: justify;\"><strong><a href=\"http:\/\/www.editiondaslabor.de\/blog\/wp-content\/uploads\/2009\/03\/Twitteratur_Penguin.jpg\"><img loading=\"lazy\" decoding=\"async\" class=\"alignleft size-full wp-image-75077\" src=\"http:\/\/www.editiondaslabor.de\/blog\/wp-content\/uploads\/2009\/03\/Twitteratur_Penguin.jpg\" alt=\"\" width=\"250\" height=\"410\" srcset=\"http:\/\/www.editiondaslabor.de\/blog\/wp-content\/uploads\/2009\/03\/Twitteratur_Penguin.jpg 250w, http:\/\/www.editiondaslabor.de\/blog\/wp-content\/uploads\/2009\/03\/Twitteratur_Penguin-183x300.jpg 183w, http:\/\/www.editiondaslabor.de\/blog\/wp-content\/uploads\/2009\/03\/Twitteratur_Penguin-160x262.jpg 160w\" sizes=\"auto, (max-width: 250px) 100vw, 250px\" \/><\/a><\/strong>Wer von der Moderne spreche, so der deutsche Literaturwissenschaftler Peter-Andr\u00e9 Alt, komme an der Psychoanalyse nicht vorbei. \u201eDie Diagnose, die sie dem Trieb und dem Unbewu\u00dften stellt, erfa\u00dft unsere gro\u00dfen Erz\u00e4hlungen von der Kultur des Menschen. Niemand kann diese Erz\u00e4hlungen mehr anheben lassen, ohne den Deutungsmustern Freuds seinen Tribut zu zollen.\u201c Aus den intimsten Erfahrungen ihres Begr\u00fcnders sieht Alt die Netze dieser neuen Theorie gewebt. \u201eDas r\u00fcckt sie in die N\u00e4he der Kunst, deren Werke immer auch die subjektive psychische Signatur ihrer Sch\u00f6pfer tragen.\u201c Auch wo sie sich auf die Philosophie des 19. Jahrhunderts, auf die neuere Naturforschung, auf die europ\u00e4ische Literatur oder auf die Ethnologie und die Mythendeutung der klassischen Altertumswissenschaften st\u00fctzte, sei Freuds Theorie \u201eein hochgradig originelles System, das unabh\u00e4ngige Urteile \u00fcber Trieb und Geist, Gesellschaft und Staat, Religion und Kultur erm\u00f6glichte.\u201c Was Freud geschaffen habe, dauere fort \u201eals herausforderndes Verm\u00e4chtnis der dunkelsten und zugleich hellsten Wissenschaft vom Menschen, die jemals entworfen wurde.\u201c<\/p>\n<p style=\"text-align: justify;\"><strong>Weiterf\u00fchrend\u00a0\u2192 <\/strong>ein Essay \u00fcber die neue Literaturgattung <a href=\"http:\/\/www.editiondaslabor.de\/blog\/?p=22423\"><em>Twitteratur.<\/em><\/a><\/p>\n<p style=\"text-align: justify;\">\n","protected":false},"excerpt":{"rendered":"<p>&nbsp; Unsere Analyse hat eigentlich auch Pech gehabt. Kaum dass sie von den Kriegsneurosen aus die Welt zu interessieren beginnt, nimmt der Krieg ein Ende. Sigmund Freud &nbsp; &nbsp; &nbsp; Wer von der Moderne spreche, so der deutsche Literaturwissenschaftler Peter-Andr\u00e9&hellip;<\/p>\n<p class=\"more-link-p\"><a class=\"more-link\" href=\"http:\/\/www.editiondaslabor.de\/blog\/2009\/09\/25\/unsere-analyse\/\">Read more &rarr;<\/a><\/p>\n","protected":false},"author":2,"featured_media":75077,"comment_status":"closed","ping_status":"closed","sticky":false,"template":"","format":"standard","meta":{"footnotes":""},"categories":[1],"tags":[565],"class_list":["post-91323","post","type-post","status-publish","format-standard","has-post-thumbnail","hentry","category-literatur","tag-sigmund-freud"],"_links":{"self":[{"href":"http:\/\/www.editiondaslabor.de\/blog\/wp-json\/wp\/v2\/posts\/91323","targetHints":{"allow":["GET"]}}],"collection":[{"href":"http:\/\/www.editiondaslabor.de\/blog\/wp-json\/wp\/v2\/posts"}],"about":[{"href":"http:\/\/www.editiondaslabor.de\/blog\/wp-json\/wp\/v2\/types\/post"}],"author":[{"embeddable":true,"href":"http:\/\/www.editiondaslabor.de\/blog\/wp-json\/wp\/v2\/users\/2"}],"replies":[{"embeddable":true,"href":"http:\/\/www.editiondaslabor.de\/blog\/wp-json\/wp\/v2\/comments?post=91323"}],"version-history":[{"count":0,"href":"http:\/\/www.editiondaslabor.de\/blog\/wp-json\/wp\/v2\/posts\/91323\/revisions"}],"wp:featuredmedia":[{"embeddable":true,"href":"http:\/\/www.editiondaslabor.de\/blog\/wp-json\/"}],"wp:attachment":[{"href":"http:\/\/www.editiondaslabor.de\/blog\/wp-json\/wp\/v2\/media?parent=91323"}],"wp:term":[{"taxonomy":"category","embeddable":true,"href":"http:\/\/www.editiondaslabor.de\/blog\/wp-json\/wp\/v2\/categories?post=91323"},{"taxonomy":"post_tag","embeddable":true,"href":"http:\/\/www.editiondaslabor.de\/blog\/wp-json\/wp\/v2\/tags?post=91323"}],"curies":[{"name":"wp","href":"https:\/\/api.w.org\/{rel}","templated":true}]}}