{"id":91284,"date":"1995-10-15T00:01:41","date_gmt":"1995-10-14T23:01:41","guid":{"rendered":"http:\/\/www.editiondaslabor.de\/blog\/?p=91284"},"modified":"2021-08-23T08:58:44","modified_gmt":"2021-08-23T06:58:44","slug":"der-herbst-2","status":"publish","type":"post","link":"http:\/\/www.editiondaslabor.de\/blog\/1995\/10\/15\/der-herbst-2\/","title":{"rendered":"Der Herbst"},"content":{"rendered":"<p>&nbsp;<\/p>\n<p>Dies ist der Herbst:<br \/>\nder \u2013 bricht dir noch das Herz!<br \/>\nFliege fort! fliege fort!<br \/>\nDie Sonne schleicht zum Berg<br \/>\nUnd steigt und steigt<br \/>\nUnd ruht bei jedem Schritt.<\/p>\n<p>Was ward die Welt so welk!<br \/>\nAuf m\u00fcd gespannten F\u00e4den spielt<br \/>\nDer Wind sein Lied.<br \/>\nDie Hoffnung floh \u2013<br \/>\nEr klagt ihr nach.<\/p>\n<p>Dies ist der Herbst:<br \/>\nder \u2013 bricht dir noch das Herz!<br \/>\nFliege fort! fliege fort!<br \/>\nO Frucht des Baums,<br \/>\nDu zitterst, f\u00e4llst?<br \/>\nWelch ein Geheimnis lehrte dich<br \/>\nDie Nacht,<br \/>\nDa\u00df eisiger Schauder deine Wange,<br \/>\nDie Purpur-Wange deckt? \u2013<\/p>\n<p>Du schweigst, antwortest nicht?<br \/>\nWer redet noch? \u2013 \u2013<\/p>\n<p>Dies ist der Herbst:<br \/>\nder \u2013 bricht dir noch das Herz!<br \/>\nFliege fort! fliege fort!<br \/>\nIch bin nicht sch\u00f6n<br \/>\n\u2013 so spricht die Sternenblume \u2013,<br \/>\nDoch Menschen lieb ich<br \/>\nUnd Menschen tr\u00f6st ich \u2013<\/p>\n<p>Sie sollen jetzt noch Blumen sehn,<br \/>\nNach mir sich b\u00fccken<br \/>\nAch! und mich brechen \u2013<br \/>\nIn ihrem Auge gl\u00e4nzet dann<br \/>\nErinnerung auf,<br \/>\n&#8222;Erinnerung an Sch\u00f6neres als ich: \u2013<br \/>\n\u2013 ich seh&#8217;s \u2013 und sterbe so.&#8220; \u2013<\/p>\n<p>Dies ist der Herbst:<br \/>\nder \u2013 bricht dir noch das Herz!<br \/>\nFliege fort! fliege fort!<\/p>\n<p>&nbsp;<\/p>\n<p>&nbsp;<\/p>\n<p>&nbsp;<\/p>\n<p>&nbsp;<\/p>\n<div style=\"text-align: justify;\">\n<dl id=\"attachment_17303\">\n<dt><a href=\"http:\/\/www.editiondaslabor.de\/blog\/wp-content\/uploads\/2013\/08\/Friedrich-Nietzsche-1882-Photographie-von-Gustav-Adolf-Schultze1.jpg\"><img loading=\"lazy\" decoding=\"async\" class=\"alignleft\" title=\"Friedrich-Nietzsche-1882-Photographie-von-Gustav-Adolf-Schultze1\" src=\"http:\/\/www.editiondaslabor.de\/blog\/wp-content\/uploads\/2013\/08\/Friedrich-Nietzsche-1882-Photographie-von-Gustav-Adolf-Schultze1.jpg\" alt=\"\" width=\"220\" height=\"294\" \/><\/a>Friedrich Nietzsche ist der Godfather des Cynismus.\u00a0Oft leisten seine Texte viel mehr: Aufschreckende Br\u00fcche und Diskontinuit\u00e4ten im Sprachlichen, unruhige und gewagte Kombinationen und Schnitte, alchemistische Verbindungen von Kontexten, die man so nicht erwartet h\u00e4tte. Neben dem Zeremonienmeister Lichtenberg (und, so wage ich zu behaupten, Martin Walsers alter ego Me\u00dfmer) ist Nietzsche sicher ein interessanter Vorl\u00e4ufer der Form des &#8211; bei ihm noch wortmechanischen &#8211; Tweet.<\/dt>\n<\/dl>\n<p><strong>Weiterf\u00fchrend \u2192<\/strong><\/p>\n<p>Lesen Sie auch \u201e<a href=\"http:\/\/www.editiondaslabor.de\/blog\/?p=51602\">Zarathustra \u2022 Revisited<\/a>\u201e. Z\u00e4hlung, Dichtung, Diagramme. Visualisiert von Hartmut Abendschein. Und Thomas N\u00f6ske versucht <a href=\"http:\/\/www.editiondaslabor.de\/blog\/?p=70592\">mit diesem Essay<\/a> mit Nietzsche fertig zu werden.<\/p>\n<\/div>\n<p style=\"text-align: justify;\"><strong>\u2192<\/strong>\u00a0Poesie z\u00e4hlt f\u00fcr KUNO weiterhin zu den identit\u00e4ts- und identifikationstiftenden Elementen einer Kultur, dies bezeugte auch der Versuch einer <a href=\"http:\/\/www.editiondaslabor.de\/blog\/?p=25630\">poetologischen Positionsbestimmung<\/a>.<\/p>\n","protected":false},"excerpt":{"rendered":"<p>&nbsp; Dies ist der Herbst: der \u2013 bricht dir noch das Herz! Fliege fort! fliege fort! Die Sonne schleicht zum Berg Und steigt und steigt Und ruht bei jedem Schritt. Was ward die Welt so welk! Auf m\u00fcd gespannten F\u00e4den&hellip;<\/p>\n<p class=\"more-link-p\"><a class=\"more-link\" href=\"http:\/\/www.editiondaslabor.de\/blog\/1995\/10\/15\/der-herbst-2\/\">Read more &rarr;<\/a><\/p>\n","protected":false},"author":93,"featured_media":14422,"comment_status":"closed","ping_status":"closed","sticky":false,"template":"","format":"standard","meta":{"footnotes":""},"categories":[1],"tags":[447],"class_list":["post-91284","post","type-post","status-publish","format-standard","has-post-thumbnail","hentry","category-literatur","tag-friedrich-nietzsche"],"_links":{"self":[{"href":"http:\/\/www.editiondaslabor.de\/blog\/wp-json\/wp\/v2\/posts\/91284","targetHints":{"allow":["GET"]}}],"collection":[{"href":"http:\/\/www.editiondaslabor.de\/blog\/wp-json\/wp\/v2\/posts"}],"about":[{"href":"http:\/\/www.editiondaslabor.de\/blog\/wp-json\/wp\/v2\/types\/post"}],"author":[{"embeddable":true,"href":"http:\/\/www.editiondaslabor.de\/blog\/wp-json\/wp\/v2\/users\/93"}],"replies":[{"embeddable":true,"href":"http:\/\/www.editiondaslabor.de\/blog\/wp-json\/wp\/v2\/comments?post=91284"}],"version-history":[{"count":0,"href":"http:\/\/www.editiondaslabor.de\/blog\/wp-json\/wp\/v2\/posts\/91284\/revisions"}],"wp:featuredmedia":[{"embeddable":true,"href":"http:\/\/www.editiondaslabor.de\/blog\/wp-json\/"}],"wp:attachment":[{"href":"http:\/\/www.editiondaslabor.de\/blog\/wp-json\/wp\/v2\/media?parent=91284"}],"wp:term":[{"taxonomy":"category","embeddable":true,"href":"http:\/\/www.editiondaslabor.de\/blog\/wp-json\/wp\/v2\/categories?post=91284"},{"taxonomy":"post_tag","embeddable":true,"href":"http:\/\/www.editiondaslabor.de\/blog\/wp-json\/wp\/v2\/tags?post=91284"}],"curies":[{"name":"wp","href":"https:\/\/api.w.org\/{rel}","templated":true}]}}