{"id":91253,"date":"2005-08-22T00:01:58","date_gmt":"2005-08-21T22:01:58","guid":{"rendered":"http:\/\/www.editiondaslabor.de\/blog\/?p=91253"},"modified":"2021-08-22T15:17:12","modified_gmt":"2021-08-22T13:17:12","slug":"nebul","status":"publish","type":"post","link":"http:\/\/www.editiondaslabor.de\/blog\/2005\/08\/22\/nebul\/","title":{"rendered":"Nebul"},"content":{"rendered":"<p><span id=\"page29R_mcid2\" class=\"markedContent\"><br role=\"presentation\" \/><br role=\"presentation\" \/><span dir=\"ltr\" role=\"presentation\">Nebul, Nebul <\/span><span dir=\"ltr\" role=\"presentation\">&#8211;<\/span> <span dir=\"ltr\" role=\"presentation\">nix ze s<\/span><span dir=\"ltr\" role=\"presentation\">aihen,<\/span> <br role=\"presentation\" \/><span dir=\"ltr\" role=\"presentation\">dar spazzuretten ze zweyen,<\/span> <br role=\"presentation\" \/><span dir=\"ltr\" role=\"presentation\">op demm weuten Stoppulfalde,<\/span> <br role=\"presentation\" \/><span dir=\"ltr\" role=\"presentation\">di Mari m\u00fct Willipalde.<\/span> <br role=\"presentation\" \/><span dir=\"ltr\" role=\"presentation\">Duch es gap Ferlagenhoiten<\/span> <br role=\"presentation\" \/><span dir=\"ltr\" role=\"presentation\">bey demm Dausch fon Zarttligkoiten,<\/span> <br role=\"presentation\" \/><span dir=\"ltr\" role=\"presentation\">d\u00f6nnes draf d\u00fcs Kuzzelin<\/span> <br role=\"presentation\" \/><span dir=\"ltr\" role=\"presentation\">nit op M\u00fcntt und Futzelin.<\/span> <br role=\"presentation\" \/><span dir=\"ltr\" role=\"presentation\">Draf nur erganzwo darh\u00fcnden <\/span><span dir=\"ltr\" role=\"presentation\">\u2013<\/span> <br role=\"presentation\" \/><span dir=\"ltr\" role=\"presentation\">Nebul, Nebul <\/span><span dir=\"ltr\" role=\"presentation\">\u2013<\/span> <span dir=\"ltr\" role=\"presentation\">nix ze f<\/span><span dir=\"ltr\" role=\"presentation\">\u00fcnden!<\/span><\/span><\/p>\n<p>&nbsp;<\/p>\n<p>&nbsp;<\/p>\n<p>&nbsp;<\/p>\n<p style=\"text-align: center;\">***<\/p>\n<p><strong>Starckdeutsch<\/strong>. Oine Orrswuuhl d\u00f6rr schtahurck\u00f6stn Gedeuchten von Matthias Koeppel. Frankfurt\/Main: S. Fischer, 1993<\/p>\n<p style=\"text-align: justify;\"><em><a href=\"http:\/\/www.editiondaslabor.de\/blog\/wp-content\/uploads\/2021\/08\/Matthias-KoeppelStarckdeutsch-Oine-Orrswuuhl-do\u0308rr-schtahurcko\u0308stn-Gedeuchten.jpg\"><img loading=\"lazy\" decoding=\"async\" class=\"alignleft size-full wp-image-91239\" src=\"http:\/\/www.editiondaslabor.de\/blog\/wp-content\/uploads\/2021\/08\/Matthias-KoeppelStarckdeutsch-Oine-Orrswuuhl-do\u0308rr-schtahurcko\u0308stn-Gedeuchten.jpg\" alt=\"\" width=\"158\" height=\"250\" \/><\/a>Starckdeutsch<\/em> ist eine 1972 von dem deutschen Maler und Dichter Matthias Koeppel erfundene Kunstsprache. Es wurde von Koeppel f\u00fcr parodistische Gedichte verwendet. Das starckdeutsche Vokabular beruht auf modernem Deutsch mit zahlreichen altert\u00fcmelnden Formen (<i>Paradeis<\/i>, <i>\u00c4ugelein<\/i>), w\u00e4hrend der Lautstand unter anderem vom Mittelhochdeutschen, aber auch vom Niederdeutschen beeinflusst ist (z.\u00a0B. <i>schauwn<\/i> zu mhd. <i>schouwen<\/i> \u201eschauen\u201c). Signifikante Merkmale des Starckdeutschen sind durchg\u00e4ngige phonetische Verst\u00e4rkung und Verh\u00e4rtung der Konsonanten (<i>ck<\/i>, <i>ff<\/i>, <i>\u00df\u00df<\/i>), Konsonantenh\u00e4ufung, exzessive Ablautung bzw. Diphthongierung und Dehnung der Vokale, Ausfall unbetonter Vokale sowie Reduplikation. Die Syntax entspricht weitgehend der hochdeutschen Standardsprache, ebenso die Interpunktion (bis auf einzelne H\u00e4ufungen von Satzzeichen). Da das Starckdeutsche keine konstruierte Sprache ist, sondern ein k\u00fcnstlerisches Spiel mit der Sprache, gelten f\u00fcr Phonetik und Orthographie keine festen Regeln. Das Starckdeutsche ist durch seinen vokalkr\u00e4ftigen und konsonantenverst\u00e4rkten Charakter weniger zum stillen Lesen als zum lauten Vortrag von Gedichten geeignet.<\/p>\n<p><strong>Weiterf\u00fchrend \u2192<\/strong>\u00a0Poesie z\u00e4hlt f\u00fcr KUNO weiterhin zu den identit\u00e4ts- und identifikationstiftenden Elementen einer Kultur, dies bezeugte auch der Versuch einer <a href=\"http:\/\/www.editiondaslabor.de\/blog\/?p=25630\">poetologischen Positionsbestimmung<\/a>.<\/p>\n","protected":false},"excerpt":{"rendered":"<p>Nebul, Nebul &#8211; nix ze saihen, dar spazzuretten ze zweyen, op demm weuten Stoppulfalde, di Mari m\u00fct Willipalde. Duch es gap Ferlagenhoiten bey demm Dausch fon Zarttligkoiten, d\u00f6nnes draf d\u00fcs Kuzzelin nit op M\u00fcntt und Futzelin. Draf nur erganzwo darh\u00fcnden&hellip;<\/p>\n<p class=\"more-link-p\"><a class=\"more-link\" href=\"http:\/\/www.editiondaslabor.de\/blog\/2005\/08\/22\/nebul\/\">Read more &rarr;<\/a><\/p>\n","protected":false},"author":2,"featured_media":91239,"comment_status":"closed","ping_status":"closed","sticky":false,"template":"","format":"standard","meta":{"footnotes":""},"categories":[1],"tags":[3114],"class_list":["post-91253","post","type-post","status-publish","format-standard","has-post-thumbnail","hentry","category-literatur","tag-matthias-koeppel"],"_links":{"self":[{"href":"http:\/\/www.editiondaslabor.de\/blog\/wp-json\/wp\/v2\/posts\/91253","targetHints":{"allow":["GET"]}}],"collection":[{"href":"http:\/\/www.editiondaslabor.de\/blog\/wp-json\/wp\/v2\/posts"}],"about":[{"href":"http:\/\/www.editiondaslabor.de\/blog\/wp-json\/wp\/v2\/types\/post"}],"author":[{"embeddable":true,"href":"http:\/\/www.editiondaslabor.de\/blog\/wp-json\/wp\/v2\/users\/2"}],"replies":[{"embeddable":true,"href":"http:\/\/www.editiondaslabor.de\/blog\/wp-json\/wp\/v2\/comments?post=91253"}],"version-history":[{"count":0,"href":"http:\/\/www.editiondaslabor.de\/blog\/wp-json\/wp\/v2\/posts\/91253\/revisions"}],"wp:featuredmedia":[{"embeddable":true,"href":"http:\/\/www.editiondaslabor.de\/blog\/wp-json\/"}],"wp:attachment":[{"href":"http:\/\/www.editiondaslabor.de\/blog\/wp-json\/wp\/v2\/media?parent=91253"}],"wp:term":[{"taxonomy":"category","embeddable":true,"href":"http:\/\/www.editiondaslabor.de\/blog\/wp-json\/wp\/v2\/categories?post=91253"},{"taxonomy":"post_tag","embeddable":true,"href":"http:\/\/www.editiondaslabor.de\/blog\/wp-json\/wp\/v2\/tags?post=91253"}],"curies":[{"name":"wp","href":"https:\/\/api.w.org\/{rel}","templated":true}]}}