{"id":9108,"date":"2006-07-10T00:01:13","date_gmt":"2006-07-09T22:01:13","guid":{"rendered":"http:\/\/www.editiondaslabor.de\/blog\/?p=9108"},"modified":"2021-10-27T09:11:46","modified_gmt":"2021-10-27T07:11:46","slug":"aufzeichnungen-nach-2000-2","status":"publish","type":"post","link":"http:\/\/www.editiondaslabor.de\/blog\/2006\/07\/10\/aufzeichnungen-nach-2000-2\/","title":{"rendered":"Aufzeichnungen nach 2000 (2)"},"content":{"rendered":"<div style=\"width: 230px\" class=\"wp-caption alignright\"><img loading=\"lazy\" decoding=\"async\" src=\"http:\/\/upload.wikimedia.org\/wikipedia\/commons\/thumb\/6\/6b\/Nympheas_71293_3.jpg\/220px-Nympheas_71293_3.jpg\" alt=\"\" width=\"220\" height=\"162\" \/><p class=\"wp-caption-text\">Claude Monet \u00b7 Seerosen (1915)\u00a0\u00b7 Neue Pinakothek M\u00fcnchen<\/p><\/div>\n<p style=\"text-align: justify;\">Zu meiner Aufzeichnung \u00fcber jene vier Damen, die in der Fonda\u00adtion Beyeler in Riehen stundenlang vor Claude Monets <em>Seerosen<\/em> verharr\u00adten, finde ich heute bei Jules Renard eine Begr\u00fcndung, die ich fr\u00fcher wohl \u00fcbersehen habe und die meine sp\u00f6ttische Beo\u00adbachtung auf an\u00addere Art best\u00e4tigt: \u00bbDas ist eine Malerei f\u00fcr Frauen.\u00ab<\/p>\n<p style=\"text-align: center;\">\u00a0\u00a0* * *<\/p>\n<p>Der Tod k\u00f6nnte warten, bis wir ihm zunicken.<\/p>\n<p style=\"text-align: center;\">\u00a0* * *<\/p>\n<p style=\"text-align: justify;\">Torri del Benaco, der sch\u00f6ne Ort an der Riva orientale am Garda\u00adsee, gefiel Andr\u00e9 Gide, der dort im Sommer 1948 einige Sommer\u00adtage ver\u00adbrachte, so gut, da\u00df er w\u00fcnschte, in Torri del Benaco zu sterben und begraben zu sein. Er starb drei Jahre sp\u00e4ter in Paris und wurde auf dem Friedhof von Cuverville in der Normandie, seinem zweiten Wohnsitz, begraben. In Torri del Benaco erinnert man sich jetzt nach vielen Jahren an den Wunsch des Dichters und Nobelpreistr\u00e4gers und gebraucht ihn als Werbung. Touristen an\u00adzulocken und dort, wie Andr\u00e9 Gide, sch\u00f6ne Ferientage zu verbrin\u00adgen.<\/p>\n<p style=\"text-align: center;\">* * *<\/p>\n<p>\u00bbWir sind ausrangiert\u00ab, sage ich zu einem Gleichaltrigen, der es noch nicht gemerkt hat.<\/p>\n<p style=\"text-align: center;\">\u00a0\u00a0* * *<\/p>\n<p style=\"text-align: justify;\">Einige Bekannte vergessen es immer wieder, was ich ihnen schon \u00f6fter sagte: Ich habe Katzen nicht mehr angeschafft, seit Crazy und Ben gestorben sind. Sie wollen mich weiterhin f\u00fcr einen halten, zu dem Katzen geh\u00f6ren. Das mu\u00df seinen Grund haben.<\/p>\n<p style=\"text-align: center;\">\u00a0* * *<\/p>\n<p style=\"text-align: justify;\">Neugierig durchbl\u00e4ttere ich eine neue Anthologie: <em>Das Buch vom Schnee<\/em>. Das Gedicht, das ich erwarte und das nicht fehlen darf, fehlt: <em>Schnee I<\/em> von Robert Walser. Wie oft und gern haben Rainer Bram\u00adbach und ich es aufgesagt: <em>Es schneit, es schneit, bedeckt die Erde \/ mit wei\u00dfer Beschwerde, so weit, so weit<\/em>. Und die drei weite\u00adren Stro\u00adphen und die anderen Schnee- und Wintergedichte von Robert Walser! Die Herausgeberin kannte keines dieser Gedichte. Sie wu\u00dfte nicht, wie gerade Robert Walser den Schnee liebte und wie er starb, am 2. Weihnachtstag 1956, als Spazierg\u00e4nger mit ausgebreiteten Armen hingesunken in den Schnee.<\/p>\n<p>&nbsp;<\/p>\n<p>&nbsp;<\/p>\n<p>&nbsp;<\/p>\n<p style=\"text-align: center;\">***<\/p>\n<div id=\"attachment_8680\" style=\"width: 283px\" class=\"wp-caption alignleft\"><img loading=\"lazy\" decoding=\"async\" aria-describedby=\"caption-attachment-8680\" class=\"wp-image-8680 size-medium\" src=\"http:\/\/www.editiondaslabor.de\/blog\/wp-content\/uploads\/2012\/10\/Hans-Bender-273x300.jpeg\" alt=\"\" width=\"273\" height=\"300\" srcset=\"http:\/\/www.editiondaslabor.de\/blog\/wp-content\/uploads\/2012\/10\/Hans-Bender-273x300.jpeg 273w, http:\/\/www.editiondaslabor.de\/blog\/wp-content\/uploads\/2012\/10\/Hans-Bender-932x1024.jpeg 932w\" sizes=\"auto, (max-width: 273px) 100vw, 273px\" \/><p id=\"caption-attachment-8680\" class=\"wp-caption-text\">Hans Bender<\/p><\/div>\n<p style=\"text-align: justify;\">\u2192 In loser Folge bringt <em>KUNO<\/em> s\u00e4mtliche nach 2000 entstandenen Aufzeichnungen Hans Benders (*1919), die erstmals in <em><strong><a href=\"http:\/\/www.editiondaslabor.de\/blog\/?p=7367\">Matrix 29. Jeder auf seine Art f\u00fcr Hans Bender<\/a><\/strong><\/em> ver\u00f6ffentlicht werden.<\/p>\n<p style=\"text-align: justify;\"><strong>Weiterf\u00fchrend\u00a0\u2192 <\/strong>ein Essay \u00fcber die neue Literaturgattung <a href=\"http:\/\/www.editiondaslabor.de\/blog\/?p=22423\"><em>Twitteratur.<\/em><\/a><\/p>\n<p>&nbsp;<\/p>\n","protected":false},"excerpt":{"rendered":"<p>Zu meiner Aufzeichnung \u00fcber jene vier Damen, die in der Fonda\u00adtion Beyeler in Riehen stundenlang vor Claude Monets Seerosen verharr\u00adten, finde ich heute bei Jules Renard eine Begr\u00fcndung, die ich fr\u00fcher wohl \u00fcbersehen habe und die meine sp\u00f6ttische Beo\u00adbachtung auf&hellip;<\/p>\n<p class=\"more-link-p\"><a class=\"more-link\" href=\"http:\/\/www.editiondaslabor.de\/blog\/2006\/07\/10\/aufzeichnungen-nach-2000-2\/\">Read more &rarr;<\/a><\/p>\n","protected":false},"author":50,"featured_media":8680,"comment_status":"open","ping_status":"open","sticky":false,"template":"","format":"standard","meta":{"footnotes":""},"categories":[1],"tags":[928,940,258,943,941,942],"class_list":["post-9108","post","type-post","status-publish","format-standard","has-post-thumbnail","hentry","category-literatur","tag-andre-gide","tag-claude-monet","tag-hans-bender","tag-jules-renard","tag-rainer-brambach","tag-robert-walser"],"_links":{"self":[{"href":"http:\/\/www.editiondaslabor.de\/blog\/wp-json\/wp\/v2\/posts\/9108","targetHints":{"allow":["GET"]}}],"collection":[{"href":"http:\/\/www.editiondaslabor.de\/blog\/wp-json\/wp\/v2\/posts"}],"about":[{"href":"http:\/\/www.editiondaslabor.de\/blog\/wp-json\/wp\/v2\/types\/post"}],"author":[{"embeddable":true,"href":"http:\/\/www.editiondaslabor.de\/blog\/wp-json\/wp\/v2\/users\/50"}],"replies":[{"embeddable":true,"href":"http:\/\/www.editiondaslabor.de\/blog\/wp-json\/wp\/v2\/comments?post=9108"}],"version-history":[{"count":0,"href":"http:\/\/www.editiondaslabor.de\/blog\/wp-json\/wp\/v2\/posts\/9108\/revisions"}],"wp:featuredmedia":[{"embeddable":true,"href":"http:\/\/www.editiondaslabor.de\/blog\/wp-json\/"}],"wp:attachment":[{"href":"http:\/\/www.editiondaslabor.de\/blog\/wp-json\/wp\/v2\/media?parent=9108"}],"wp:term":[{"taxonomy":"category","embeddable":true,"href":"http:\/\/www.editiondaslabor.de\/blog\/wp-json\/wp\/v2\/categories?post=9108"},{"taxonomy":"post_tag","embeddable":true,"href":"http:\/\/www.editiondaslabor.de\/blog\/wp-json\/wp\/v2\/tags?post=9108"}],"curies":[{"name":"wp","href":"https:\/\/api.w.org\/{rel}","templated":true}]}}