{"id":91045,"date":"1992-11-03T00:01:06","date_gmt":"1992-11-02T23:01:06","guid":{"rendered":"http:\/\/www.editiondaslabor.de\/blog\/?p=91045"},"modified":"2021-08-16T17:15:33","modified_gmt":"2021-08-16T15:15:33","slug":"menschliches-elend","status":"publish","type":"post","link":"http:\/\/www.editiondaslabor.de\/blog\/1992\/11\/03\/menschliches-elend\/","title":{"rendered":"Menschliches Elend"},"content":{"rendered":"<p>&nbsp;<\/p>\n<p class=\"vers\">Die Uhr, die vor der Sonne f\u00fcnfe schl\u00e4gt &#8211;<br \/>\nEinsame Menschen packt ein dunkles Grausen,<br \/>\nIm Abendgarten kahle B\u00e4ume sausen.<br \/>\nDes Toten Antlitz sich am Fenster regt.<\/p>\n<p class=\"vers\">Vielleicht, da\u00df diese Stunde stille steht.<br \/>\nVor tr\u00fcben Augen blaue Bilder gaukeln<br \/>\nIm Takt der Schiffe, die am Flusse schaukeln.<br \/>\nAm Kai ein Schwesternzug vor\u00fcberweht.<\/p>\n<p class=\"vers\">Im Hasel spielen M\u00e4dchen bla\u00df und blind,<br \/>\nWie Liebende, die sich im Schlaf umschlingen.<br \/>\nVielleicht, da\u00df um ein Aas dort Fliegen singen,<br \/>\nVielleicht auch weint im Mutterscho\u00df ein Kind.<\/p>\n<p class=\"vers\">Aus H\u00e4nden sinken Astern blau und rot,<br \/>\nDes J\u00fcnglings Mund entgleitet fremd und weise;<br \/>\nUnd Lider flattern angstverwirrt und leise;<br \/>\nDurch Fieberschw\u00e4rze weht ein Duft von Brot.<\/p>\n<p class=\"vers\">Es scheint, man h\u00f6rt auch gr\u00e4\u00dfliches Geschrei;<br \/>\nGebeine durch verfallne Mauern schimmern.<br \/>\nEin b\u00f6ses Herz lacht laut in sch\u00f6nen Zimmern;<br \/>\nAn einem Tr\u00e4umer lauft ein Hund vorbei.<\/p>\n<p class=\"vers\">Ein leerer Sarg im Dunkel sich verliert.<br \/>\nDem M\u00f6rder will ein Raum sich bleich erhellen,<br \/>\nIndes Laternen nachts im Sturm zerschellen.<br \/>\nDes Edlen wei\u00dfe Schl\u00e4fe Lorbeer ziert.<\/p>\n<p>&nbsp;<\/p>\n<p>&nbsp;<\/p>\n<p>&nbsp;<\/p>\n<p style=\"text-align: justify;\"><a href=\"http:\/\/www.editiondaslabor.de\/blog\/wp-content\/uploads\/2014\/11\/GeorgTrakl-e1617436834842.jpg\"><img loading=\"lazy\" decoding=\"async\" class=\"alignleft wp-image-81819 size-medium\" src=\"http:\/\/www.editiondaslabor.de\/blog\/wp-content\/uploads\/2014\/11\/GeorgTrakl-217x300.jpg\" alt=\"\" width=\"217\" height=\"300\" \/><\/a>Die nachhaltige Faszination der Gedichte von Georg Trakl liegt darin begr\u00fcndet, da\u00df sich dieser\u00a0 \u00f6sterreichische Dichter nicht eindeutig zuordnen l\u00e4\u00dft. Wir lesen eine Variante des Expressionismus mit starken Einfl\u00fcssen des Symbolismus. Eine eindeutige Zuordnung seiner poetischen Werke zu einer der ann\u00e4hernd gleichzeitigen Str\u00f6mungen ist\u00a0 nicht m\u00f6glich. Als erstem Rockstar der Lyrik ist auch bei ihm die Einfl\u00fcsse von Arthur Rimbaud und Charles Baudelaire deutlich zu erkennen. Der Lyriker nahm an vielen Stellen seiner Gedichte auf seine Schwester Bezug. In Trakls Gedichten wird Margarethe Trakl als \u201eFremdlingin\u201c und \u201eJ\u00fcnglingin\u201c bezeichnet. Eine inzestu\u00f6se Beziehung wird im Gedicht <a href=\"http:\/\/www.editiondaslabor.de\/blog\/1989\/11\/03\/blutschuld\/\"><i>Blutschuld<\/i><\/a> angedeutet. Als Vorg\u00e4nger der <em><span class=\"ILfuVd\"><span class=\"hgKElc\">Yippies<\/span><\/span><\/em> gestattete er sich Experimente mit Drogen (Chloroform, Morphium, Opium, Veronal und Alkohol). In seinem verschatteten Werk \u00fcberwiegen die Stimmung und die Farben des Herbstes, dunkle Bilder des Abends und der Nacht, des Sterbens, des Todes und des Vergehens. Zwar sind die Gedichte reich an biblisch-religi\u00f6sen Bez\u00fcgen, und vielen eignet eine kontemplative Offenheit zur Transzendenz, doch nur selten bricht das Licht der Erl\u00f6sung in das Dunkel. Ein Dunkelheit, die ihn am 3. November 1914 in Krakau, Galizien erreichte.<\/p>\n<p style=\"text-align: justify;\"><strong>Weiterf\u00fchrend \u2192<\/strong>\u00a0Eine Ann\u00e4herung von Peter Paul Wiplinger an Georg Trakl finden Sie<i><\/i><i><\/i><i>\u00a0<a href=\"http:\/\/www.editiondaslabor.de\/blog\/?p=23505&amp;preview=true\">hier<\/a>.<\/i><\/p>\n<p style=\"text-align: justify;\"><strong>\u2192<\/strong>\u00a0Poesie z\u00e4hlt f\u00fcr KUNO weiterhin zu den identit\u00e4ts- und identifikationstiftenden Elementen einer Kultur, dies bezeugte auch der Versuch einer <a href=\"http:\/\/www.editiondaslabor.de\/blog\/?p=25630\">poetologischen Positionsbestimmung<\/a>.<\/p>\n","protected":false},"excerpt":{"rendered":"<p>&nbsp; Die Uhr, die vor der Sonne f\u00fcnfe schl\u00e4gt &#8211; Einsame Menschen packt ein dunkles Grausen, Im Abendgarten kahle B\u00e4ume sausen. Des Toten Antlitz sich am Fenster regt. Vielleicht, da\u00df diese Stunde stille steht. Vor tr\u00fcben Augen blaue Bilder gaukeln&hellip;<\/p>\n<p class=\"more-link-p\"><a class=\"more-link\" href=\"http:\/\/www.editiondaslabor.de\/blog\/1992\/11\/03\/menschliches-elend\/\">Read more &rarr;<\/a><\/p>\n","protected":false},"author":141,"featured_media":81819,"comment_status":"closed","ping_status":"closed","sticky":false,"template":"","format":"standard","meta":{"footnotes":""},"categories":[1],"tags":[1498],"class_list":["post-91045","post","type-post","status-publish","format-standard","has-post-thumbnail","hentry","category-literatur","tag-georg-trakl"],"_links":{"self":[{"href":"http:\/\/www.editiondaslabor.de\/blog\/wp-json\/wp\/v2\/posts\/91045","targetHints":{"allow":["GET"]}}],"collection":[{"href":"http:\/\/www.editiondaslabor.de\/blog\/wp-json\/wp\/v2\/posts"}],"about":[{"href":"http:\/\/www.editiondaslabor.de\/blog\/wp-json\/wp\/v2\/types\/post"}],"author":[{"embeddable":true,"href":"http:\/\/www.editiondaslabor.de\/blog\/wp-json\/wp\/v2\/users\/141"}],"replies":[{"embeddable":true,"href":"http:\/\/www.editiondaslabor.de\/blog\/wp-json\/wp\/v2\/comments?post=91045"}],"version-history":[{"count":0,"href":"http:\/\/www.editiondaslabor.de\/blog\/wp-json\/wp\/v2\/posts\/91045\/revisions"}],"wp:featuredmedia":[{"embeddable":true,"href":"http:\/\/www.editiondaslabor.de\/blog\/wp-json\/"}],"wp:attachment":[{"href":"http:\/\/www.editiondaslabor.de\/blog\/wp-json\/wp\/v2\/media?parent=91045"}],"wp:term":[{"taxonomy":"category","embeddable":true,"href":"http:\/\/www.editiondaslabor.de\/blog\/wp-json\/wp\/v2\/categories?post=91045"},{"taxonomy":"post_tag","embeddable":true,"href":"http:\/\/www.editiondaslabor.de\/blog\/wp-json\/wp\/v2\/tags?post=91045"}],"curies":[{"name":"wp","href":"https:\/\/api.w.org\/{rel}","templated":true}]}}