{"id":91016,"date":"1999-11-03T00:01:26","date_gmt":"1999-11-02T23:01:26","guid":{"rendered":"http:\/\/www.editiondaslabor.de\/blog\/?p=91016"},"modified":"2021-08-16T16:28:00","modified_gmt":"2021-08-16T14:28:00","slug":"vorhoelle","status":"publish","type":"post","link":"http:\/\/www.editiondaslabor.de\/blog\/1999\/11\/03\/vorhoelle\/","title":{"rendered":"Vorh\u00f6lle"},"content":{"rendered":"<p>&nbsp;<\/p>\n<p class=\"vers\">An herbstlichen Mauern, es suchen Schatten dort<br \/>\nAm H\u00fcgel das t\u00f6nende Gold<br \/>\nWeidende Abendwolken<br \/>\nIn der Ruh verdorrter Platanen.<br \/>\nDunklere Tr\u00e4nen odmet diese Zeit,<br \/>\nVerdammnis, da des Tr\u00e4umers Herz<br \/>\n\u00dcberflie\u00dft von purpurner Abendr\u00f6te,<br \/>\nDer Schwermut der rauchenden Stadt;<br \/>\nDem Schreitenden nachweht goldene K\u00fchle<br \/>\nDem Fremdling, vom Friedhof,<br \/>\nAls folgte im Schatten ein zarter Leichnam.<\/p>\n<p class=\"vers\">Leise l\u00e4utet der steinerne Bau;<br \/>\nDer Garten der Waisen, das dunkle Spital,<br \/>\nEin rotes Schiff am Kanal.<br \/>\nTr\u00e4umend steigen und sinken im Dunkel<br \/>\nVerwesende Menschen<br \/>\nUnd aus schw\u00e4rzlichen Toren<br \/>\nTreten Engel mit kalten Stirnen hervor;<br \/>\nBl\u00e4ue, die Todesklagen der M\u00fctter.<br \/>\nEs rollt durch ihr langes Haar,<br \/>\nEin feuriges Rad, der runde Tag<br \/>\nDer Erde Qual ohne Ende.<\/p>\n<p class=\"vers\">In k\u00fchlen Zimmern ohne Sinn<br \/>\nModert Ger\u00e4t, mit kn\u00f6chernen H\u00e4nden<br \/>\nTastet im Blau nach M\u00e4rchen<br \/>\nUnheilige Kindheit,<br \/>\nBenagt die fette Ratte T\u00fcr und Truh,<br \/>\nEin Herz<br \/>\nErstarrt in schneeiger Stille.<br \/>\nNachhallen die purpurnen Fl\u00fcche<br \/>\nDes Hungers in faulendem Dunkel,<br \/>\nDie schwarzen Schwerter der L\u00fcge,<br \/>\nAls schl\u00fcge zusammen ein ehernes Tor.<\/p>\n<p>&nbsp;<\/p>\n<p>&nbsp;<\/p>\n<p>&nbsp;<\/p>\n<p>&nbsp;<\/p>\n<p style=\"text-align: justify;\"><a href=\"http:\/\/www.editiondaslabor.de\/blog\/wp-content\/uploads\/2014\/11\/GeorgTrakl-e1617436834842.jpg\"><img loading=\"lazy\" decoding=\"async\" class=\"alignleft wp-image-81819 size-medium\" src=\"http:\/\/www.editiondaslabor.de\/blog\/wp-content\/uploads\/2014\/11\/GeorgTrakl-217x300.jpg\" alt=\"\" width=\"217\" height=\"300\" \/><\/a>Die nachhaltige Faszination der Gedichte von Georg Trakl liegt darin begr\u00fcndet, da\u00df sich dieser\u00a0 \u00f6sterreichische Dichter nicht eindeutig zuordnen l\u00e4\u00dft. Wir lesen eine Variante des Expressionismus mit starken Einfl\u00fcssen des Symbolismus. Eine eindeutige Zuordnung seiner poetischen Werke zu einer der ann\u00e4hernd gleichzeitigen Str\u00f6mungen ist\u00a0 nicht m\u00f6glich. Als erstem Rockstar der Lyrik ist auch bei ihm die Einfl\u00fcsse von Arthur Rimbaud und Charles Baudelaire deutlich zu erkennen. Der Lyriker nahm an vielen Stellen seiner Gedichte auf seine Schwester Bezug. In Trakls Gedichten wird Margarethe Trakl als \u201eFremdlingin\u201c und \u201eJ\u00fcnglingin\u201c bezeichnet. Eine inzestu\u00f6se Beziehung wird im Gedicht <a href=\"http:\/\/www.editiondaslabor.de\/blog\/1989\/11\/03\/blutschuld\/\"><i>Blutschuld<\/i><\/a> angedeutet. Als Vorg\u00e4nger der <em><span class=\"ILfuVd\"><span class=\"hgKElc\">Yippies<\/span><\/span><\/em> gestattete er sich Experimente mit Drogen (Chloroform, Morphium, Opium, Veronal und Alkohol). In seinem verschatteten Werk \u00fcberwiegen die Stimmung und die Farben des Herbstes, dunkle Bilder des Abends und der Nacht, des Sterbens, des Todes und des Vergehens. Zwar sind die Gedichte reich an biblisch-religi\u00f6sen Bez\u00fcgen, und vielen eignet eine kontemplative Offenheit zur Transzendenz, doch nur selten bricht das Licht der Erl\u00f6sung in das Dunkel. Ein Dunkelheit, die ihn am 3. November 1914 in Krakau, Galizien erreichte.<\/p>\n<p style=\"text-align: justify;\"><strong>Weiterf\u00fchrend \u2192<\/strong>\u00a0Eine Ann\u00e4herung von Peter Paul Wiplinger an Georg Trakl finden Sie<i><\/i><i><\/i><i>\u00a0<a href=\"http:\/\/www.editiondaslabor.de\/blog\/?p=23505&amp;preview=true\">hier<\/a>.<\/i><\/p>\n<p style=\"text-align: justify;\"><strong>\u2192<\/strong>\u00a0Poesie z\u00e4hlt f\u00fcr KUNO weiterhin zu den identit\u00e4ts- und identifikationstiftenden Elementen einer Kultur, dies bezeugte auch der Versuch einer <a href=\"http:\/\/www.editiondaslabor.de\/blog\/?p=25630\">poetologischen Positionsbestimmung<\/a>.<\/p>\n","protected":false},"excerpt":{"rendered":"<p>&nbsp; An herbstlichen Mauern, es suchen Schatten dort Am H\u00fcgel das t\u00f6nende Gold Weidende Abendwolken In der Ruh verdorrter Platanen. Dunklere Tr\u00e4nen odmet diese Zeit, Verdammnis, da des Tr\u00e4umers Herz \u00dcberflie\u00dft von purpurner Abendr\u00f6te, Der Schwermut der rauchenden Stadt; Dem&hellip;<\/p>\n<p class=\"more-link-p\"><a class=\"more-link\" href=\"http:\/\/www.editiondaslabor.de\/blog\/1999\/11\/03\/vorhoelle\/\">Read more &rarr;<\/a><\/p>\n","protected":false},"author":141,"featured_media":81819,"comment_status":"closed","ping_status":"closed","sticky":false,"template":"","format":"standard","meta":{"footnotes":""},"categories":[1],"tags":[1498],"class_list":["post-91016","post","type-post","status-publish","format-standard","has-post-thumbnail","hentry","category-literatur","tag-georg-trakl"],"_links":{"self":[{"href":"http:\/\/www.editiondaslabor.de\/blog\/wp-json\/wp\/v2\/posts\/91016","targetHints":{"allow":["GET"]}}],"collection":[{"href":"http:\/\/www.editiondaslabor.de\/blog\/wp-json\/wp\/v2\/posts"}],"about":[{"href":"http:\/\/www.editiondaslabor.de\/blog\/wp-json\/wp\/v2\/types\/post"}],"author":[{"embeddable":true,"href":"http:\/\/www.editiondaslabor.de\/blog\/wp-json\/wp\/v2\/users\/141"}],"replies":[{"embeddable":true,"href":"http:\/\/www.editiondaslabor.de\/blog\/wp-json\/wp\/v2\/comments?post=91016"}],"version-history":[{"count":0,"href":"http:\/\/www.editiondaslabor.de\/blog\/wp-json\/wp\/v2\/posts\/91016\/revisions"}],"wp:featuredmedia":[{"embeddable":true,"href":"http:\/\/www.editiondaslabor.de\/blog\/wp-json\/"}],"wp:attachment":[{"href":"http:\/\/www.editiondaslabor.de\/blog\/wp-json\/wp\/v2\/media?parent=91016"}],"wp:term":[{"taxonomy":"category","embeddable":true,"href":"http:\/\/www.editiondaslabor.de\/blog\/wp-json\/wp\/v2\/categories?post=91016"},{"taxonomy":"post_tag","embeddable":true,"href":"http:\/\/www.editiondaslabor.de\/blog\/wp-json\/wp\/v2\/tags?post=91016"}],"curies":[{"name":"wp","href":"https:\/\/api.w.org\/{rel}","templated":true}]}}