{"id":91013,"date":"2005-02-03T00:01:59","date_gmt":"2005-02-02T23:01:59","guid":{"rendered":"http:\/\/www.editiondaslabor.de\/blog\/?p=91013"},"modified":"2021-08-16T16:24:30","modified_gmt":"2021-08-16T14:24:30","slug":"in-venedig-2","status":"publish","type":"post","link":"http:\/\/www.editiondaslabor.de\/blog\/2005\/02\/03\/in-venedig-2\/","title":{"rendered":"In Venedig"},"content":{"rendered":"<p>&nbsp;<\/p>\n<p class=\"vers\">Stille in n\u00e4chtigem Zimmer.<br \/>\nSilbern flackert der Leuchter<br \/>\nVor dem singenden Odem<br \/>\nDes Einsamen;<br \/>\nZaubrisches Rosengew\u00f6lk.<\/p>\n<p class=\"vers\">Schw\u00e4rzlicher Fliegenschwarm<br \/>\nVerdunkelt den steinernen Raum,<br \/>\nUnd es starrt von der Qual<br \/>\nDes goldenen Tags das Haupt<br \/>\nDes Heimatlosen.<\/p>\n<p class=\"vers\">Reglos nachtet das Meer.<br \/>\nStern und schw\u00e4rzliche Fahrt<br \/>\nEntschwand am Kanal.<br \/>\nKind, dein kr\u00e4nkliches L\u00e4cheln<br \/>\nFolgte mir leise im Schlaf.<\/p>\n<p>&nbsp;<\/p>\n<p style=\"text-align: justify;\">\n<p style=\"text-align: justify;\">\n<p style=\"text-align: justify;\">\n<p style=\"text-align: justify;\"><a href=\"http:\/\/www.editiondaslabor.de\/blog\/wp-content\/uploads\/2014\/11\/GeorgTrakl-e1617436834842.jpg\"><img loading=\"lazy\" decoding=\"async\" class=\"alignleft wp-image-81819 size-medium\" src=\"http:\/\/www.editiondaslabor.de\/blog\/wp-content\/uploads\/2014\/11\/GeorgTrakl-217x300.jpg\" alt=\"\" width=\"217\" height=\"300\" \/><\/a>Die nachhaltige Faszination der Gedichte von Georg Trakl liegt darin begr\u00fcndet, da\u00df sich dieser\u00a0 \u00f6sterreichische Dichter nicht eindeutig zuordnen l\u00e4\u00dft. Wir lesen eine Variante des Expressionismus mit starken Einfl\u00fcssen des Symbolismus. Eine eindeutige Zuordnung seiner poetischen Werke zu einer der ann\u00e4hernd gleichzeitigen Str\u00f6mungen ist\u00a0 nicht m\u00f6glich. Als erstem Rockstar der Lyrik ist auch bei ihm die Einfl\u00fcsse von Arthur Rimbaud und Charles Baudelaire deutlich zu erkennen. Der Lyriker nahm an vielen Stellen seiner Gedichte auf seine Schwester Bezug. In Trakls Gedichten wird Margarethe Trakl als \u201eFremdlingin\u201c und \u201eJ\u00fcnglingin\u201c bezeichnet. Eine inzestu\u00f6se Beziehung wird im Gedicht <a href=\"http:\/\/www.editiondaslabor.de\/blog\/1989\/11\/03\/blutschuld\/\"><i>Blutschuld<\/i><\/a> angedeutet. Als Vorg\u00e4nger der <em><span class=\"ILfuVd\"><span class=\"hgKElc\">Yippies<\/span><\/span><\/em> gestattete er sich Experimente mit Drogen (Chloroform, Morphium, Opium, Veronal und Alkohol). In seinem verschatteten Werk \u00fcberwiegen die Stimmung und die Farben des Herbstes, dunkle Bilder des Abends und der Nacht, des Sterbens, des Todes und des Vergehens. Zwar sind die Gedichte reich an biblisch-religi\u00f6sen Bez\u00fcgen, und vielen eignet eine kontemplative Offenheit zur Transzendenz, doch nur selten bricht das Licht der Erl\u00f6sung in das Dunkel. Ein Dunkelheit, die ihn am 3. November 1914 in Krakau, Galizien erreichte.<\/p>\n<p style=\"text-align: justify;\"><strong>Weiterf\u00fchrend \u2192<\/strong>\u00a0Eine Ann\u00e4herung von Peter Paul Wiplinger an Georg Trakl finden Sie<i><\/i><i><\/i><i>\u00a0<a href=\"http:\/\/www.editiondaslabor.de\/blog\/?p=23505&amp;preview=true\">hier<\/a>.<\/i><\/p>\n<p style=\"text-align: justify;\"><strong>\u2192<\/strong>\u00a0Poesie z\u00e4hlt f\u00fcr KUNO weiterhin zu den identit\u00e4ts- und identifikationstiftenden Elementen einer Kultur, dies bezeugte auch der Versuch einer <a href=\"http:\/\/www.editiondaslabor.de\/blog\/?p=25630\">poetologischen Positionsbestimmung<\/a>.<\/p>\n","protected":false},"excerpt":{"rendered":"<p>&nbsp; Stille in n\u00e4chtigem Zimmer. Silbern flackert der Leuchter Vor dem singenden Odem Des Einsamen; Zaubrisches Rosengew\u00f6lk. Schw\u00e4rzlicher Fliegenschwarm Verdunkelt den steinernen Raum, Und es starrt von der Qual Des goldenen Tags das Haupt Des Heimatlosen. Reglos nachtet das Meer.&hellip;<\/p>\n<p class=\"more-link-p\"><a class=\"more-link\" href=\"http:\/\/www.editiondaslabor.de\/blog\/2005\/02\/03\/in-venedig-2\/\">Read more &rarr;<\/a><\/p>\n","protected":false},"author":141,"featured_media":81819,"comment_status":"closed","ping_status":"closed","sticky":false,"template":"","format":"standard","meta":{"footnotes":""},"categories":[1],"tags":[1498],"class_list":["post-91013","post","type-post","status-publish","format-standard","has-post-thumbnail","hentry","category-literatur","tag-georg-trakl"],"_links":{"self":[{"href":"http:\/\/www.editiondaslabor.de\/blog\/wp-json\/wp\/v2\/posts\/91013","targetHints":{"allow":["GET"]}}],"collection":[{"href":"http:\/\/www.editiondaslabor.de\/blog\/wp-json\/wp\/v2\/posts"}],"about":[{"href":"http:\/\/www.editiondaslabor.de\/blog\/wp-json\/wp\/v2\/types\/post"}],"author":[{"embeddable":true,"href":"http:\/\/www.editiondaslabor.de\/blog\/wp-json\/wp\/v2\/users\/141"}],"replies":[{"embeddable":true,"href":"http:\/\/www.editiondaslabor.de\/blog\/wp-json\/wp\/v2\/comments?post=91013"}],"version-history":[{"count":0,"href":"http:\/\/www.editiondaslabor.de\/blog\/wp-json\/wp\/v2\/posts\/91013\/revisions"}],"wp:featuredmedia":[{"embeddable":true,"href":"http:\/\/www.editiondaslabor.de\/blog\/wp-json\/"}],"wp:attachment":[{"href":"http:\/\/www.editiondaslabor.de\/blog\/wp-json\/wp\/v2\/media?parent=91013"}],"wp:term":[{"taxonomy":"category","embeddable":true,"href":"http:\/\/www.editiondaslabor.de\/blog\/wp-json\/wp\/v2\/categories?post=91013"},{"taxonomy":"post_tag","embeddable":true,"href":"http:\/\/www.editiondaslabor.de\/blog\/wp-json\/wp\/v2\/tags?post=91013"}],"curies":[{"name":"wp","href":"https:\/\/api.w.org\/{rel}","templated":true}]}}