{"id":90965,"date":"2013-11-03T00:01:25","date_gmt":"2013-11-02T23:01:25","guid":{"rendered":"http:\/\/www.editiondaslabor.de\/blog\/?p=90965"},"modified":"2021-08-16T15:18:02","modified_gmt":"2021-08-16T13:18:02","slug":"herbstseele","status":"publish","type":"post","link":"http:\/\/www.editiondaslabor.de\/blog\/2013\/11\/03\/herbstseele\/","title":{"rendered":"Herbstseele"},"content":{"rendered":"<p>&nbsp;<\/p>\n<p class=\"vers\">J\u00e4gerruf und Blutgebell;<\/p>\n<p class=\"vers\">Hinter Kreuz und braunem H\u00fcgel<\/p>\n<p class=\"vers\">Blendet sacht der Weiherspiegel,<\/p>\n<p class=\"vers\">Schreit der Habicht hart und hell.<\/p>\n<p>&nbsp;<\/p>\n<p class=\"vers\">\u00dcber Stoppelfeld und Pfad<\/p>\n<p class=\"vers\">Banget schon ein schwarzes Schweigen;<\/p>\n<p class=\"vers\">Reiner Himmel in den Zweigen;<\/p>\n<p class=\"vers\">Nur der Bach rinnt still und stad.<\/p>\n<p>&nbsp;<\/p>\n<p class=\"vers\">Bald entgleitet Fisch und Wild.<\/p>\n<p class=\"vers\">Blaue Seele&#8216; dunkles Wandern<\/p>\n<p class=\"vers\">Schied uns bald von Lieben, Andern.<\/p>\n<p class=\"vers\">Abend wechselt Sinn und Bild.<\/p>\n<p>&nbsp;<\/p>\n<p class=\"vers\">Rechten Lebens Brot und Wein,<\/p>\n<p class=\"vers\">Gott in deine milden Hande<\/p>\n<p class=\"vers\">Legt der Mensch das dunkle Ende,<\/p>\n<p class=\"vers\">Alle Schuld und rote Pein.<\/p>\n<p>&nbsp;<\/p>\n<p>&nbsp;<\/p>\n<p>&nbsp;<\/p>\n<p style=\"text-align: justify;\"><a href=\"http:\/\/www.editiondaslabor.de\/blog\/wp-content\/uploads\/2014\/11\/GeorgTrakl-e1617436834842.jpg\"><img loading=\"lazy\" decoding=\"async\" class=\"alignleft wp-image-81819 size-medium\" src=\"http:\/\/www.editiondaslabor.de\/blog\/wp-content\/uploads\/2014\/11\/GeorgTrakl-217x300.jpg\" alt=\"\" width=\"217\" height=\"300\" \/><\/a>Die nachhaltige Faszination der Gedichte von Georg Trakl liegt darin begr\u00fcndet, da\u00df sich dieser\u00a0 \u00f6sterreichische Dichter nicht eindeutig zuordnen l\u00e4\u00dft. Wir lesen eine Variante des Expressionismus mit starken Einfl\u00fcssen des Symbolismus. Eine eindeutige Zuordnung seiner poetischen Werke zu einer der ann\u00e4hernd gleichzeitigen Str\u00f6mungen ist\u00a0 nicht m\u00f6glich. Als erstem Rockstar der Lyrik ist auch bei ihm die Einfl\u00fcsse von Arthur Rimbaud und Charles Baudelaire deutlich zu erkennen. Der Lyriker nahm an vielen Stellen seiner Gedichte auf seine Schwester Bezug. In Trakls Gedichten wird Margarethe Trakl als \u201eFremdlingin\u201c und \u201eJ\u00fcnglingin\u201c bezeichnet. Eine inzestu\u00f6se Beziehung wird im Gedicht <a href=\"http:\/\/www.editiondaslabor.de\/blog\/1989\/11\/03\/blutschuld\/\"><i>Blutschuld<\/i><\/a> angedeutet. Als Vorg\u00e4nger der <em><span class=\"ILfuVd\"><span class=\"hgKElc\">Yippies<\/span><\/span><\/em> gestattete er sich Experimente mit Drogen (Chloroform, Morphium, Opium, Veronal und Alkohol). In seinem verschatteten Werk \u00fcberwiegen die Stimmung und die Farben des Herbstes, dunkle Bilder des Abends und der Nacht, des Sterbens, des Todes und des Vergehens. Zwar sind die Gedichte reich an biblisch-religi\u00f6sen Bez\u00fcgen, und vielen eignet eine kontemplative Offenheit zur Transzendenz, doch nur selten bricht das Licht der Erl\u00f6sung in das Dunkel. Ein Dunkelheit, die ihn am 3. November 1914 in Krakau, Galizien erreichte.<\/p>\n<p style=\"text-align: justify;\"><strong>Weiterf\u00fchrend \u2192<\/strong>\u00a0Eine Ann\u00e4herung von Peter Paul Wiplinger an Georg Trakl finden Sie<i><\/i><i><\/i><i>\u00a0<a href=\"http:\/\/www.editiondaslabor.de\/blog\/?p=23505&amp;preview=true\">hier<\/a>.<\/i><\/p>\n<p style=\"text-align: justify;\"><strong>\u2192<\/strong>\u00a0Poesie z\u00e4hlt f\u00fcr KUNO weiterhin zu den identit\u00e4ts- und identifikationstiftenden Elementen einer Kultur, dies bezeugte auch der Versuch einer <a href=\"http:\/\/www.editiondaslabor.de\/blog\/?p=25630\">poetologischen Positionsbestimmung<\/a>.<\/p>\n","protected":false},"excerpt":{"rendered":"<p>&nbsp; J\u00e4gerruf und Blutgebell; Hinter Kreuz und braunem H\u00fcgel Blendet sacht der Weiherspiegel, Schreit der Habicht hart und hell. &nbsp; \u00dcber Stoppelfeld und Pfad Banget schon ein schwarzes Schweigen; Reiner Himmel in den Zweigen; Nur der Bach rinnt still und&hellip;<\/p>\n<p class=\"more-link-p\"><a class=\"more-link\" href=\"http:\/\/www.editiondaslabor.de\/blog\/2013\/11\/03\/herbstseele\/\">Read more &rarr;<\/a><\/p>\n","protected":false},"author":141,"featured_media":81819,"comment_status":"closed","ping_status":"closed","sticky":false,"template":"","format":"standard","meta":{"footnotes":""},"categories":[1],"tags":[1498],"class_list":["post-90965","post","type-post","status-publish","format-standard","has-post-thumbnail","hentry","category-literatur","tag-georg-trakl"],"_links":{"self":[{"href":"http:\/\/www.editiondaslabor.de\/blog\/wp-json\/wp\/v2\/posts\/90965","targetHints":{"allow":["GET"]}}],"collection":[{"href":"http:\/\/www.editiondaslabor.de\/blog\/wp-json\/wp\/v2\/posts"}],"about":[{"href":"http:\/\/www.editiondaslabor.de\/blog\/wp-json\/wp\/v2\/types\/post"}],"author":[{"embeddable":true,"href":"http:\/\/www.editiondaslabor.de\/blog\/wp-json\/wp\/v2\/users\/141"}],"replies":[{"embeddable":true,"href":"http:\/\/www.editiondaslabor.de\/blog\/wp-json\/wp\/v2\/comments?post=90965"}],"version-history":[{"count":0,"href":"http:\/\/www.editiondaslabor.de\/blog\/wp-json\/wp\/v2\/posts\/90965\/revisions"}],"wp:featuredmedia":[{"embeddable":true,"href":"http:\/\/www.editiondaslabor.de\/blog\/wp-json\/"}],"wp:attachment":[{"href":"http:\/\/www.editiondaslabor.de\/blog\/wp-json\/wp\/v2\/media?parent=90965"}],"wp:term":[{"taxonomy":"category","embeddable":true,"href":"http:\/\/www.editiondaslabor.de\/blog\/wp-json\/wp\/v2\/categories?post=90965"},{"taxonomy":"post_tag","embeddable":true,"href":"http:\/\/www.editiondaslabor.de\/blog\/wp-json\/wp\/v2\/tags?post=90965"}],"curies":[{"name":"wp","href":"https:\/\/api.w.org\/{rel}","templated":true}]}}