{"id":90893,"date":"1989-11-02T00:01:25","date_gmt":"1989-11-01T23:01:25","guid":{"rendered":"http:\/\/www.editiondaslabor.de\/blog\/?p=90893"},"modified":"2021-11-03T13:56:13","modified_gmt":"2021-11-03T12:56:13","slug":"blutschuld","status":"publish","type":"post","link":"http:\/\/www.editiondaslabor.de\/blog\/1989\/11\/02\/blutschuld\/","title":{"rendered":"Blutschuld"},"content":{"rendered":"<p>&nbsp;<\/p>\n<p>Es\u00a0dr\u00e4ut die Nacht am Lager unsrer K\u00fcsse.<\/p>\n<p>Es fl\u00fcstert wo: Wer nimmt von euch die Schuld?<\/p>\n<p>Noch bebend von verruchter Wollust S\u00fc\u00dfe<\/p>\n<p>Wir beten: Verzeih uns, Maria, in deiner Huld!<\/p>\n<p>&nbsp;<\/p>\n<p>Aus Blumenschalen steigen gierige D\u00fcfte,<\/p>\n<p>Umschmeicheln unsere Stirnen bleich von Schuld.<\/p>\n<p>Ermattend unterm Hauch der schw\u00fclen L\u00fcfte<\/p>\n<p>Wir tr\u00e4umen: Verzeih uns, Maria, in deiner Huld!<\/p>\n<p>&nbsp;<\/p>\n<p>Doch lauter rauscht der Brunnen der Sirenen<\/p>\n<p>Und dunkler ragt die Sphinx vor unsrer Schuld,<\/p>\n<p>Da\u00df unsre Herzen s\u00fcndiger wieder t\u00f6nen,<\/p>\n<p>Wir schluchzen: Verzeih uns, Maria, in deiner Huld!<\/p>\n<p>&nbsp;<\/p>\n<p>&nbsp;<\/p>\n<p>&nbsp;<\/p>\n<p style=\"text-align: justify;\"><a href=\"http:\/\/www.editiondaslabor.de\/blog\/wp-content\/uploads\/2014\/11\/GeorgTrakl-e1617436834842.jpg\"><img loading=\"lazy\" decoding=\"async\" class=\"alignleft wp-image-81819 size-medium\" src=\"http:\/\/www.editiondaslabor.de\/blog\/wp-content\/uploads\/2014\/11\/GeorgTrakl-217x300.jpg\" alt=\"\" width=\"217\" height=\"300\" \/><\/a>Die nachhaltige Faszination der Gedichte von Georg Trakl liegt darin begr\u00fcndet, da\u00df sich dieser\u00a0 \u00f6sterreichische Dichter nicht eindeutig zuordnen l\u00e4\u00dft. Wir lesen eine Variante des Expressionismus mit starken Einfl\u00fcssen des Symbolismus. Eine eindeutige Zuordnung seiner poetischen Werke zu einer der ann\u00e4hernd gleichzeitigen Str\u00f6mungen ist\u00a0 nicht m\u00f6glich. Als erstem Rockstar der Lyrik ist auch bei ihm die Einfl\u00fcsse von Arthur Rimbaud und Charles Baudelaire deutlich zu erkennen. Der Lyriker nahm an vielen Stellen seiner Gedichte auf seine Schwester Bezug. In Trakls Gedichten wird Margarethe Trakl als \u201eFremdlingin\u201c und \u201eJ\u00fcnglingin\u201c bezeichnet. Eine inzestu\u00f6se Beziehung wird im Gedicht <a href=\"http:\/\/www.editiondaslabor.de\/blog\/1989\/11\/03\/blutschuld\/\"><i>Blutschuld<\/i><\/a> angedeutet. Als Vorg\u00e4nger der <em><span class=\"ILfuVd\"><span class=\"hgKElc\">Yippies<\/span><\/span><\/em> gestattete er sich Experimente mit Drogen (Chloroform, Morphium, Opium, Veronal und Alkohol). In seinem verschatteten Werk \u00fcberwiegen die Stimmung und die Farben des Herbstes, dunkle Bilder des Abends und der Nacht, des Sterbens, des Todes und des Vergehens. Zwar sind die Gedichte reich an biblisch-religi\u00f6sen Bez\u00fcgen, und vielen eignet eine kontemplative Offenheit zur Transzendenz, doch nur selten bricht das Licht der Erl\u00f6sung in das Dunkel. Ein Dunkelheit, die ihn am 3. November 1914 in Krakau, Galizien erreichte.<\/p>\n<p style=\"text-align: justify;\"><strong>Weiterf\u00fchrend \u2192<\/strong>\u00a0Eine Ann\u00e4herung von Peter Paul Wiplinger an Georg Trakl finden Sie<i><\/i><i><\/i><i>\u00a0<a href=\"http:\/\/www.editiondaslabor.de\/blog\/?p=23505&amp;preview=true\">hier<\/a>.<\/i><\/p>\n<p style=\"text-align: justify;\"><strong>\u2192<\/strong>\u00a0Poesie z\u00e4hlt f\u00fcr KUNO weiterhin zu den identit\u00e4ts- und identifikationstiftenden Elementen einer Kultur, dies bezeugte auch der Versuch einer <a href=\"http:\/\/www.editiondaslabor.de\/blog\/?p=25630\">poetologischen Positionsbestimmung<\/a>.<\/p>\n<p style=\"text-align: justify;\"><a title=\"Vorlage\" href=\"http:\/\/www.zeno.org\/Literatur\/L\/Trakl-DW\" name=\"14\"><\/a><\/p>\n<p style=\"text-align: justify;\">\n","protected":false},"excerpt":{"rendered":"<p>&nbsp; Es\u00a0dr\u00e4ut die Nacht am Lager unsrer K\u00fcsse. Es fl\u00fcstert wo: Wer nimmt von euch die Schuld? Noch bebend von verruchter Wollust S\u00fc\u00dfe Wir beten: Verzeih uns, Maria, in deiner Huld! &nbsp; Aus Blumenschalen steigen gierige D\u00fcfte, Umschmeicheln unsere Stirnen&hellip;<\/p>\n<p class=\"more-link-p\"><a class=\"more-link\" href=\"http:\/\/www.editiondaslabor.de\/blog\/1989\/11\/02\/blutschuld\/\">Read more &rarr;<\/a><\/p>\n","protected":false},"author":141,"featured_media":81819,"comment_status":"closed","ping_status":"closed","sticky":false,"template":"","format":"standard","meta":{"footnotes":""},"categories":[1],"tags":[1498],"class_list":["post-90893","post","type-post","status-publish","format-standard","has-post-thumbnail","hentry","category-literatur","tag-georg-trakl"],"_links":{"self":[{"href":"http:\/\/www.editiondaslabor.de\/blog\/wp-json\/wp\/v2\/posts\/90893","targetHints":{"allow":["GET"]}}],"collection":[{"href":"http:\/\/www.editiondaslabor.de\/blog\/wp-json\/wp\/v2\/posts"}],"about":[{"href":"http:\/\/www.editiondaslabor.de\/blog\/wp-json\/wp\/v2\/types\/post"}],"author":[{"embeddable":true,"href":"http:\/\/www.editiondaslabor.de\/blog\/wp-json\/wp\/v2\/users\/141"}],"replies":[{"embeddable":true,"href":"http:\/\/www.editiondaslabor.de\/blog\/wp-json\/wp\/v2\/comments?post=90893"}],"version-history":[{"count":0,"href":"http:\/\/www.editiondaslabor.de\/blog\/wp-json\/wp\/v2\/posts\/90893\/revisions"}],"wp:featuredmedia":[{"embeddable":true,"href":"http:\/\/www.editiondaslabor.de\/blog\/wp-json\/"}],"wp:attachment":[{"href":"http:\/\/www.editiondaslabor.de\/blog\/wp-json\/wp\/v2\/media?parent=90893"}],"wp:term":[{"taxonomy":"category","embeddable":true,"href":"http:\/\/www.editiondaslabor.de\/blog\/wp-json\/wp\/v2\/categories?post=90893"},{"taxonomy":"post_tag","embeddable":true,"href":"http:\/\/www.editiondaslabor.de\/blog\/wp-json\/wp\/v2\/tags?post=90893"}],"curies":[{"name":"wp","href":"https:\/\/api.w.org\/{rel}","templated":true}]}}