{"id":90877,"date":"2010-10-29T00:01:04","date_gmt":"2010-10-28T22:01:04","guid":{"rendered":"http:\/\/www.editiondaslabor.de\/blog\/?p=90877"},"modified":"2021-10-25T14:22:47","modified_gmt":"2021-10-25T12:22:47","slug":"alle-strassen","status":"publish","type":"post","link":"http:\/\/www.editiondaslabor.de\/blog\/2010\/10\/29\/alle-strassen\/","title":{"rendered":"Alle Stra\u00dfen"},"content":{"rendered":"<p>&nbsp;<\/p>\n<p>Alle Stra\u00dfen m\u00fcnden in schwarze Verwesung.<\/p>\n<p>&nbsp;<\/p>\n<p>&nbsp;<\/p>\n<p style=\"text-align: justify;\"><a href=\"http:\/\/www.editiondaslabor.de\/blog\/wp-content\/uploads\/2014\/11\/GeorgTrakl-e1617436834842.jpg\"><img loading=\"lazy\" decoding=\"async\" class=\"alignleft wp-image-81819 size-medium\" src=\"http:\/\/www.editiondaslabor.de\/blog\/wp-content\/uploads\/2014\/11\/GeorgTrakl-217x300.jpg\" alt=\"\" width=\"217\" height=\"300\" \/><\/a><strong>Weiterf\u00fchrend\u00a0\u2192 <\/strong>Eine Ann\u00e4herung von Peter Paul Wiplinger an Georg Trakl finden Sie<i><\/i><i><\/i><i>\u00a0<a href=\"http:\/\/www.editiondaslabor.de\/blog\/?p=23505\">hier<\/a>.<\/i><\/p>\n<p style=\"text-align: justify;\"><strong>\u2192<\/strong> Ein Essay \u00fcber die neue Literaturgattung <a href=\"http:\/\/www.editiondaslabor.de\/blog\/?p=22423\"><em>Twitteratur<\/em><\/a>, sowie ein <a href=\"http:\/\/www.editiondaslabor.de\/blog\/2019\/09\/06\/recap-hungertuchpreis\/\">Recap<\/a> des Hungertuchpreises.<\/p>\n","protected":false},"excerpt":{"rendered":"<p>&nbsp; Alle Stra\u00dfen m\u00fcnden in schwarze Verwesung. &nbsp; &nbsp; Weiterf\u00fchrend\u00a0\u2192 Eine Ann\u00e4herung von Peter Paul Wiplinger an Georg Trakl finden Sie\u00a0hier. \u2192 Ein Essay \u00fcber die neue Literaturgattung Twitteratur, sowie ein Recap des Hungertuchpreises.<\/p>\n<p class=\"more-link-p\"><a class=\"more-link\" href=\"http:\/\/www.editiondaslabor.de\/blog\/2010\/10\/29\/alle-strassen\/\">Read more &rarr;<\/a><\/p>\n","protected":false},"author":141,"featured_media":81819,"comment_status":"closed","ping_status":"closed","sticky":false,"template":"","format":"standard","meta":{"footnotes":""},"categories":[1],"tags":[1498],"class_list":["post-90877","post","type-post","status-publish","format-standard","has-post-thumbnail","hentry","category-literatur","tag-georg-trakl"],"_links":{"self":[{"href":"http:\/\/www.editiondaslabor.de\/blog\/wp-json\/wp\/v2\/posts\/90877","targetHints":{"allow":["GET"]}}],"collection":[{"href":"http:\/\/www.editiondaslabor.de\/blog\/wp-json\/wp\/v2\/posts"}],"about":[{"href":"http:\/\/www.editiondaslabor.de\/blog\/wp-json\/wp\/v2\/types\/post"}],"author":[{"embeddable":true,"href":"http:\/\/www.editiondaslabor.de\/blog\/wp-json\/wp\/v2\/users\/141"}],"replies":[{"embeddable":true,"href":"http:\/\/www.editiondaslabor.de\/blog\/wp-json\/wp\/v2\/comments?post=90877"}],"version-history":[{"count":0,"href":"http:\/\/www.editiondaslabor.de\/blog\/wp-json\/wp\/v2\/posts\/90877\/revisions"}],"wp:featuredmedia":[{"embeddable":true,"href":"http:\/\/www.editiondaslabor.de\/blog\/wp-json\/"}],"wp:attachment":[{"href":"http:\/\/www.editiondaslabor.de\/blog\/wp-json\/wp\/v2\/media?parent=90877"}],"wp:term":[{"taxonomy":"category","embeddable":true,"href":"http:\/\/www.editiondaslabor.de\/blog\/wp-json\/wp\/v2\/categories?post=90877"},{"taxonomy":"post_tag","embeddable":true,"href":"http:\/\/www.editiondaslabor.de\/blog\/wp-json\/wp\/v2\/tags?post=90877"}],"curies":[{"name":"wp","href":"https:\/\/api.w.org\/{rel}","templated":true}]}}