{"id":90737,"date":"2019-08-10T00:01:24","date_gmt":"2019-08-09T22:01:24","guid":{"rendered":"http:\/\/www.editiondaslabor.de\/blog\/?p=90737"},"modified":"2021-08-15T08:21:23","modified_gmt":"2021-08-15T06:21:23","slug":"mehr-als-drei-wuensche","status":"publish","type":"post","link":"http:\/\/www.editiondaslabor.de\/blog\/2019\/08\/10\/mehr-als-drei-wuensche\/","title":{"rendered":"MEHR ALS DREI W\u00dcNSCHE"},"content":{"rendered":"<p>&nbsp;<\/p>\r\n<p>dass dieses Land<br \/>sein Herz wiedergewinnt<br \/>eine Brille f\u00fcr den Blick<br \/>auf Schreberg\u00e4rten<br \/>dass es endlich<br \/>nach hundert Jahren<br \/>einen Schritt<br \/>\u00fcber seine Grenzen macht<br \/>wei\u00dfe Karten<br \/>im Hinterhof<br \/>mit Farbe f\u00fcllt<br \/>den Alpen die T\u00e4ler g\u00f6nnt<br \/>Ziegelteiche<br \/>Gletscherseen<br \/>fremde Namen<br \/>und Kebabst\u00e4nde<br \/>ins Gleichgewicht bringt<br \/>den Hass<br \/>beh\u00f6rdlich verbietet<br \/>und Blasmusik<br \/>elektrisch wird<\/p>\r\n<p>&nbsp;<\/p>\r\n<p>&nbsp;<\/p>\r\n<p class=\"has-text-align-center\" style=\"text-align: center;\">***<\/p>\r\n<!-- \/wp:post-content -->\r\n\r\n<!-- wp:paragraph -->\r\n<p style=\"text-align: justify;\"><strong>Wei\u00dfe Kreide<\/strong>, Gedichte von Martin Dragosits, Edition Art Science, 2017<\/p>\r\n<!-- \/wp:paragraph -->\r\n\r\n<!-- wp:image {\"align\":\"left\",\"id\":57266} -->\r\n<div class=\"wp-block-image\" style=\"text-align: justify;\">\r\n<figure class=\"alignleft\"><img loading=\"lazy\" decoding=\"async\" width=\"200\" height=\"327\" class=\"wp-image-57266\" src=\"http:\/\/www.editiondaslabor.de\/blog\/wp-content\/uploads\/2019\/08\/cover_Kreide.jpg\" alt=\"\" srcset=\"http:\/\/www.editiondaslabor.de\/blog\/wp-content\/uploads\/2019\/08\/cover_Kreide.jpg 200w, http:\/\/www.editiondaslabor.de\/blog\/wp-content\/uploads\/2019\/08\/cover_Kreide-183x300.jpg 183w, http:\/\/www.editiondaslabor.de\/blog\/wp-content\/uploads\/2019\/08\/cover_Kreide-160x262.jpg 160w\" sizes=\"auto, (max-width: 200px) 100vw, 200px\" \/><\/figure>\r\n<\/div>\r\n<!-- \/wp:image -->\r\n\r\n<!-- wp:paragraph -->\r\n<p style=\"text-align: justify;\">Diese Gedichte beschreiben Stars auf Zeit, selbstverliebte Welpenf\u00e4nger, schmale Tr\u00e4ume in Hosentaschen, die F\u00fc\u00dfe fest am Boden. wo doch das W\u00fcnschen \/ als Prinzip der L\u00fcge \/ in uns allen steckt. Quantenmechanische Zustandskomik, angedachte Farbplakate, kleine Schuld-und-S\u00fchne-Schleifen, in denen dar\u00fcber nachgedacht wird, was mit uns geschieht. Gedichtb\u00e4nde haben keinen Plot, keine Protagonisten: wei\u00dfe Kreide, fahrende Z\u00fcge, angespannte Augenbrauen. Aufgeteilt in sechs Kapitel zwischen Revue, Ringelspiel und Gegenwartsfragen, mit Skizzen von Provinz und Verg\u00e4nglichkeit.<\/p>\r\n<!-- \/wp:paragraph -->\r\n\r\n<!-- wp:paragraph -->\r\n<p style=\"text-align: justify;\"><strong>Weiterf\u00fchrend \u2192 <\/strong>Eine <a href=\"http:\/\/www.editiondaslabor.de\/blog\/2020\/08\/17\/haltung-die-vom-kopf-ausgeht\/\">W\u00fcrdigung<\/a> von Martin Dragosits durch Holger Benkel.<\/p>\r\n<!-- \/wp:paragraph -->\r\n\r\n<!-- wp:paragraph -->\r\n<p style=\"text-align: justify;\"><strong> \u2192 <\/strong>Poesie ist das identit\u00e4tsstiftende Element der Kultur, KUNOs <a href=\"http:\/\/www.editiondaslabor.de\/blog\/?p=25630\">poetologische Positionsbestimmung<\/a>.<\/p>","protected":false},"excerpt":{"rendered":"<p>&nbsp; dass dieses Landsein Herz wiedergewinnteine Brille f\u00fcr den Blickauf Schreberg\u00e4rtendass es endlichnach hundert Jahreneinen Schritt\u00fcber seine Grenzen machtwei\u00dfe Kartenim Hinterhofmit Farbe f\u00fclltden Alpen die T\u00e4ler g\u00f6nntZiegelteicheGletscherseenfremde Namenund Kebabst\u00e4ndeins Gleichgewicht bringtden Hassbeh\u00f6rdlich verbietetund Blasmusikelektrisch wird &nbsp; &nbsp; *** Wei\u00dfe Kreide,&hellip;<\/p>\n<p class=\"more-link-p\"><a class=\"more-link\" href=\"http:\/\/www.editiondaslabor.de\/blog\/2019\/08\/10\/mehr-als-drei-wuensche\/\">Read more &rarr;<\/a><\/p>\n","protected":false},"author":189,"featured_media":57266,"comment_status":"closed","ping_status":"closed","sticky":false,"template":"","format":"standard","meta":{"footnotes":""},"categories":[1],"tags":[2359],"class_list":["post-90737","post","type-post","status-publish","format-standard","has-post-thumbnail","hentry","category-literatur","tag-martin-dragosits"],"_links":{"self":[{"href":"http:\/\/www.editiondaslabor.de\/blog\/wp-json\/wp\/v2\/posts\/90737","targetHints":{"allow":["GET"]}}],"collection":[{"href":"http:\/\/www.editiondaslabor.de\/blog\/wp-json\/wp\/v2\/posts"}],"about":[{"href":"http:\/\/www.editiondaslabor.de\/blog\/wp-json\/wp\/v2\/types\/post"}],"author":[{"embeddable":true,"href":"http:\/\/www.editiondaslabor.de\/blog\/wp-json\/wp\/v2\/users\/189"}],"replies":[{"embeddable":true,"href":"http:\/\/www.editiondaslabor.de\/blog\/wp-json\/wp\/v2\/comments?post=90737"}],"version-history":[{"count":0,"href":"http:\/\/www.editiondaslabor.de\/blog\/wp-json\/wp\/v2\/posts\/90737\/revisions"}],"wp:featuredmedia":[{"embeddable":true,"href":"http:\/\/www.editiondaslabor.de\/blog\/wp-json\/"}],"wp:attachment":[{"href":"http:\/\/www.editiondaslabor.de\/blog\/wp-json\/wp\/v2\/media?parent=90737"}],"wp:term":[{"taxonomy":"category","embeddable":true,"href":"http:\/\/www.editiondaslabor.de\/blog\/wp-json\/wp\/v2\/categories?post=90737"},{"taxonomy":"post_tag","embeddable":true,"href":"http:\/\/www.editiondaslabor.de\/blog\/wp-json\/wp\/v2\/tags?post=90737"}],"curies":[{"name":"wp","href":"https:\/\/api.w.org\/{rel}","templated":true}]}}